{"id":1674,"date":"2024-10-07T05:03:35","date_gmt":"2024-10-07T05:03:35","guid":{"rendered":"https:\/\/casaruralconperrosgirona.com\/?p=1674"},"modified":"2024-10-23T09:49:10","modified_gmt":"2024-10-23T09:49:10","slug":"lavadoras-al-poder-en-mas-torrencito","status":"publish","type":"post","link":"https:\/\/casaruralconperrosgirona.com\/es\/lavadoras-al-poder-en-mas-torrencito\/","title":{"rendered":"Lavadoras al poder en Mas Torrencito"},"content":{"rendered":"\n<h4 class=\"wp-block-heading\">El poder de las lavadoras es algo que jam\u00e1s cre\u00ed que llegar\u00eda a dominar, y sin embargo, aqu\u00ed estoy, sin saber cu\u00e1ntas lavadoras puedo poner al d\u00eda. Lavadoras al poder en mas Torrencito<\/h4>\n\n\n\n<h6 class=\"wp-block-heading\"><\/h6>\n\n\n\n<p>Desde marzo de 2023, cuando decid\u00ed dejar de beber, empec\u00e9 a planchar como si el destino de mi vida dependiera de ello. \u00a1Ni un psic\u00f3logo me podr\u00eda explicar la conexi\u00f3n entre dejar el alcohol y comenzar a planchar fundas de almohada! Pero aqu\u00ed estamos, enfrentando el mundo de las s\u00e1banas y toallas, y con m\u00e1s fuerza que nunca.<\/p>\n\n\n\n<h4 class=\"wp-block-heading\"><img fetchpriority=\"high\" decoding=\"async\" width=\"300\" height=\"300\" class=\"wp-image-1676\" style=\"width: 300px;\" src=\"https:\/\/casaruralconperrosgirona.com\/wp-content\/uploads\/2024\/10\/lavanderia.jpg\" alt=\"\" srcset=\"https:\/\/casaruralconperrosgirona.com\/wp-content\/uploads\/2024\/10\/lavanderia.jpg 1024w, https:\/\/casaruralconperrosgirona.com\/wp-content\/uploads\/2024\/10\/lavanderia-300x300.jpg 300w, https:\/\/casaruralconperrosgirona.com\/wp-content\/uploads\/2024\/10\/lavanderia-150x150.jpg 150w, https:\/\/casaruralconperrosgirona.com\/wp-content\/uploads\/2024\/10\/lavanderia-768x768.jpg 768w\" sizes=\"(max-width: 300px) 100vw, 300px\" \/>Mi rutina: El antes y despu\u00e9s del rodillo de planchar. Lavadoras al poder en mas Torrencito<\/h4>\n\n\n\n<p>Todo cambi\u00f3 cuando compr\u00e9 un rodillo de planchar. Desde ese momento, dije adi\u00f3s a la lavander\u00eda. Todo se hace en casa, con jabones ecol\u00f3gicos y utilizando la energ\u00eda de las placas solares. Pero no te confundas, no es que sea un adalid del ecologismo, no\u2026 \u00a1es por ahorrar! Porque, seamos sinceros, todo est\u00e1 car\u00edsimo. Y si puedo ahorrarme unos eurillos, \u00bfpor qu\u00e9 no hacerlo?<\/p>\n\n\n\n<p>Cada d\u00eda comienza con una marat\u00f3n de lavadoras. Y no creas que estamos hablando de lavadoras peque\u00f1as, no. Las m\u00edas son de 15 kilos, pero claro, no metemos m\u00e1s de dos juegos de cama y toallas por cada lavado. \u00bfPor qu\u00e9? Porque quedan mejor. Aunque algunas s\u00e1banas\u2026 madre m\u00eda, \u00a1hay veces que me dan ganas de tirarlas a la basura!<\/p>\n\n\n\n<h2 class=\"wp-block-heading\">Las manchas misteriosas: Un enigma sin resolver<\/h2>\n\n\n\n<p>Todav\u00eda no entiendo c\u00f3mo puede haber gente que deje las s\u00e1banas en semejante estado. Un poco de sangre, lo entiendo, puede haber una herida o la regla. Pero \u00bfbarro, tierra, cosas escatol\u00f3gicas? \u00a1Uf! Hay s\u00e1banas que he tenido que lavar hasta tres veces. Y te juro que en alg\u00fan momento me he preguntado si no ser\u00eda mejor quemarlas. Pero no, porque mis lavadoras son como el Girona de la temporada pasada: \u00a1de primera! Aunque este a\u00f1o\u2026 no s\u00e9, parece que el cansancio las est\u00e1 alcanzando.<\/p>\n\n\n\n<h3 class=\"wp-block-heading\">Mis lavadoras: Las hero\u00ednas cansadas de la colada. Lavadoras al poder en mas Torrencito<\/h3>\n\n\n\n<p>Este a\u00f1o ha sido m\u00e1s duro, tanto para mis lavadoras como para los futbolistas. \u00bfDemasiados partidos? En mi caso, demasiados clientes de una sola noche. Las lavadoras trabajan sin descanso, y claro, como los jugadores, el cansancio se empieza a notar. Ellas no meten goles, pero empiezan a fallar con el agua, se rompen desag\u00fces y filtros, y alg\u00fan que otro d\u00eda acaban en la enfermer\u00eda. Y eso que yo soy muy manitas, aplic\u00e1ndoles un buen <em>REFLEX<\/em> mec\u00e1nico\u2026 pero a veces ni eso las salva. Tienen que tomarse su merecido descanso.<\/p>\n\n\n\n<h4 class=\"wp-block-heading\">El domingo de terror: Cuando las habitaciones se alinean en tu contra<\/h4>\n\n\n\n<p>Ayer fue un d\u00eda \u00e9pico. Domingo, d\u00eda de cambio completo de todas las habitaciones. Ahora, ponte en mi lugar: cada habitaci\u00f3n tiene dos camas de 2&#215;2, y cada s\u00e1bana pesa en seco m\u00e1s de 2,4 kilos. Si multiplicas eso por dos, ya tienes 4,8 kilos de s\u00e1banas, sin contar las fundas, que suelen ser cuatro o cinco por habitaci\u00f3n, m\u00e1s las toallas. Al final, est\u00e1s hablando de 7 u 8 kilos por habitaci\u00f3n. Y no nos olvidemos de la funda de la cama, que tambi\u00e9n se cambia cada vez que se va un cliente, sobre todo cuando vienen con sus perritos (\u00a1que me parece genial!). \u00bfEl resultado? Unas 12 lavadoras en un solo d\u00eda, cuando se hace el cambio de toda la casa. S\u00ed, una aut\u00e9ntica marat\u00f3n de ropa.<\/p>\n\n\n\n<h4 class=\"wp-block-heading\">Reflexi\u00f3n final: Cuidemos m\u00e1s nuestras cosas (y a nuestras lavadoras)<\/h4>\n\n\n\n<p>Y as\u00ed, entre s\u00e1banas, toallas, fundas y perritos, me doy cuenta de una cosa: \u00a1hay que cuidar m\u00e1s nuestras cosas! Las lavadoras no son inmortales. Trabajan sin descanso, pero tambi\u00e9n necesitan su tiempo de descanso. Y no es solo por ahorrar dinero (aunque ayuda). Es porque al final del d\u00eda, todo cuenta. Desde la energ\u00eda que utilizamos hasta el cuidado que le damos a nuestras cosas. As\u00ed que la pr\u00f3xima vez que te enfrentes a una s\u00e1bana llena de barro, tierra y cosas inexplicables, preg\u00fantate: \u00bfrealmente la estoy cuidando como se merece?<\/p>\n\n\n\n<hr class=\"wp-block-separator has-alpha-channel-opacity\"\/>\n\n\n\n<p>\u2014\u2013<br>Si quereispodeis ver nuestros bonos ofertas para fines de semana, bonos jubilados, \u2026 en\u00a0<a href=\"https:\/\/www.mastorrencito.com\/\">www.mastorrencito.com<\/a>\u00a0o leer mas historia haz click\u00a0<a href=\"https:\/\/casaruralconperrosgirona.com\/\">aqui<\/a>:<\/p>\n\n\n\n<p><\/p>\n","protected":false},"excerpt":{"rendered":"<p>El poder de las lavadoras es algo que jam&aacute;s cre&iacute; que llegar&iacute;a a dominar, y sin embargo, aqu&iacute; estoy, sin saber cu&aacute;ntas lavadoras puedo poner al d&iacute;a. Lavadoras al poder&#8230;<\/p>\n","protected":false},"author":1,"featured_media":1676,"comment_status":"open","ping_status":"open","sticky":false,"template":"","format":"standard","meta":{"_kad_post_transparent":"","_kad_post_title":"","_kad_post_layout":"","_kad_post_sidebar_id":"","_kad_post_content_style":"","_kad_post_vertical_padding":"","_kad_post_feature":"","_kad_post_feature_position":"","_kad_post_header":false,"_kad_post_footer":false,"_kad_post_classname":"","footnotes":""},"categories":[28],"tags":[],"class_list":["post-1674","post","type-post","status-publish","format-standard","has-post-thumbnail","hentry","category-historias-de-mastorrencito"],"yoast_head":"<!-- This site is optimized with the Yoast SEO plugin v27.4 - https:\/\/yoast.com\/product\/yoast-seo-wordpress\/ -->\n<title>Lavadoras al poder en Mas Torrencito - Casa Rural con Perros Girona<\/title>\n<meta name=\"description\" content=\"&quot;Descubre c\u00f3mo las lavadoras se convierten en hero\u00ednas del hogar mientras reflexionamos sobre el cuidado de nuestras cosas y el ahorro diario\" \/>\n<meta name=\"robots\" content=\"index, follow, max-snippet:-1, max-image-preview:large, max-video-preview:-1\" \/>\n<link rel=\"canonical\" href=\"https:\/\/casaruralconperrosgirona.com\/es\/lavadoras-al-poder-en-mas-torrencito\/\" \/>\n<meta property=\"og:locale\" content=\"es_ES\" \/>\n<meta property=\"og:type\" content=\"article\" \/>\n<meta property=\"og:title\" content=\"Lavadoras al poder en Mas Torrencito - Casa Rural con Perros Girona\" \/>\n<meta property=\"og:description\" content=\"&quot;Descubre c\u00f3mo las lavadoras se convierten en hero\u00ednas del hogar mientras reflexionamos sobre el cuidado de nuestras cosas y el ahorro diario\" \/>\n<meta property=\"og:url\" content=\"https:\/\/casaruralconperrosgirona.com\/es\/lavadoras-al-poder-en-mas-torrencito\/\" \/>\n<meta property=\"og:site_name\" content=\"Casa Rural con Perros Girona\" \/>\n<meta property=\"article:published_time\" content=\"2024-10-07T05:03:35+00:00\" \/>\n<meta property=\"article:modified_time\" content=\"2024-10-23T09:49:10+00:00\" \/>\n<meta property=\"og:image\" content=\"https:\/\/casaruralconperrosgirona.com\/wp-content\/uploads\/2024\/10\/lavanderia.jpg\" \/>\n\t<meta property=\"og:image:width\" content=\"1024\" \/>\n\t<meta property=\"og:image:height\" content=\"1024\" \/>\n\t<meta property=\"og:image:type\" content=\"image\/jpeg\" \/>\n<meta name=\"author\" content=\"Mas Torrencito\" \/>\n<meta name=\"twitter:card\" content=\"summary_large_image\" \/>\n<meta name=\"twitter:label1\" content=\"Escrito por\" \/>\n\t<meta name=\"twitter:data1\" content=\"Mas Torrencito\" \/>\n\t<meta name=\"twitter:label2\" content=\"Tiempo de lectura\" \/>\n\t<meta name=\"twitter:data2\" content=\"5 minutos\" \/>\n<script type=\"application\/ld+json\" class=\"yoast-schema-graph\">{\"@context\":\"https:\\\/\\\/schema.org\",\"@graph\":[{\"@type\":\"Article\",\"@id\":\"https:\\\/\\\/casaruralconperrosgirona.com\\\/es\\\/lavadoras-al-poder-en-mas-torrencito\\\/#article\",\"isPartOf\":{\"@id\":\"https:\\\/\\\/casaruralconperrosgirona.com\\\/es\\\/lavadoras-al-poder-en-mas-torrencito\\\/\"},\"author\":{\"name\":\"Mas Torrencito\",\"@id\":\"https:\\\/\\\/casaruralconperrosgirona.com\\\/es\\\/#\\\/schema\\\/person\\\/5ebcad21205af2dce94ba4d6463d4830\"},\"headline\":\"Lavadoras al poder en Mas Torrencito\",\"datePublished\":\"2024-10-07T05:03:35+00:00\",\"dateModified\":\"2024-10-23T09:49:10+00:00\",\"mainEntityOfPage\":{\"@id\":\"https:\\\/\\\/casaruralconperrosgirona.com\\\/es\\\/lavadoras-al-poder-en-mas-torrencito\\\/\"},\"wordCount\":756,\"commentCount\":0,\"publisher\":{\"@id\":\"https:\\\/\\\/casaruralconperrosgirona.com\\\/es\\\/#organization\"},\"image\":{\"@id\":\"https:\\\/\\\/casaruralconperrosgirona.com\\\/es\\\/lavadoras-al-poder-en-mas-torrencito\\\/#primaryimage\"},\"thumbnailUrl\":\"https:\\\/\\\/casaruralconperrosgirona.com\\\/wp-content\\\/uploads\\\/2024\\\/10\\\/lavanderia.jpg\",\"articleSection\":[\"Historias de Mastorrencito\"],\"inLanguage\":\"es\",\"potentialAction\":[{\"@type\":\"CommentAction\",\"name\":\"Comment\",\"target\":[\"https:\\\/\\\/casaruralconperrosgirona.com\\\/es\\\/lavadoras-al-poder-en-mas-torrencito\\\/#respond\"]}]},{\"@type\":\"WebPage\",\"@id\":\"https:\\\/\\\/casaruralconperrosgirona.com\\\/es\\\/lavadoras-al-poder-en-mas-torrencito\\\/\",\"url\":\"https:\\\/\\\/casaruralconperrosgirona.com\\\/es\\\/lavadoras-al-poder-en-mas-torrencito\\\/\",\"name\":\"Lavadoras al poder en Mas Torrencito - Casa Rural con Perros Girona\",\"isPartOf\":{\"@id\":\"https:\\\/\\\/casaruralconperrosgirona.com\\\/es\\\/#website\"},\"primaryImageOfPage\":{\"@id\":\"https:\\\/\\\/casaruralconperrosgirona.com\\\/es\\\/lavadoras-al-poder-en-mas-torrencito\\\/#primaryimage\"},\"image\":{\"@id\":\"https:\\\/\\\/casaruralconperrosgirona.com\\\/es\\\/lavadoras-al-poder-en-mas-torrencito\\\/#primaryimage\"},\"thumbnailUrl\":\"https:\\\/\\\/casaruralconperrosgirona.com\\\/wp-content\\\/uploads\\\/2024\\\/10\\\/lavanderia.jpg\",\"datePublished\":\"2024-10-07T05:03:35+00:00\",\"dateModified\":\"2024-10-23T09:49:10+00:00\",\"description\":\"\\\"Descubre c\u00f3mo las lavadoras se convierten en hero\u00ednas del hogar mientras reflexionamos sobre el cuidado de nuestras cosas y el ahorro diario\",\"breadcrumb\":{\"@id\":\"https:\\\/\\\/casaruralconperrosgirona.com\\\/es\\\/lavadoras-al-poder-en-mas-torrencito\\\/#breadcrumb\"},\"inLanguage\":\"es\",\"potentialAction\":[{\"@type\":\"ReadAction\",\"target\":[\"https:\\\/\\\/casaruralconperrosgirona.com\\\/es\\\/lavadoras-al-poder-en-mas-torrencito\\\/\"]}]},{\"@type\":\"ImageObject\",\"inLanguage\":\"es\",\"@id\":\"https:\\\/\\\/casaruralconperrosgirona.com\\\/es\\\/lavadoras-al-poder-en-mas-torrencito\\\/#primaryimage\",\"url\":\"https:\\\/\\\/casaruralconperrosgirona.com\\\/wp-content\\\/uploads\\\/2024\\\/10\\\/lavanderia.jpg\",\"contentUrl\":\"https:\\\/\\\/casaruralconperrosgirona.com\\\/wp-content\\\/uploads\\\/2024\\\/10\\\/lavanderia.jpg\",\"width\":1024,\"height\":1024},{\"@type\":\"BreadcrumbList\",\"@id\":\"https:\\\/\\\/casaruralconperrosgirona.com\\\/es\\\/lavadoras-al-poder-en-mas-torrencito\\\/#breadcrumb\",\"itemListElement\":[{\"@type\":\"ListItem\",\"position\":1,\"name\":\"Portada\",\"item\":\"https:\\\/\\\/casaruralconperrosgirona.com\\\/es\\\/\"},{\"@type\":\"ListItem\",\"position\":2,\"name\":\"Lavadoras al poder en Mas Torrencito\"}]},{\"@type\":\"WebSite\",\"@id\":\"https:\\\/\\\/casaruralconperrosgirona.com\\\/es\\\/#website\",\"url\":\"https:\\\/\\\/casaruralconperrosgirona.com\\\/es\\\/\",\"name\":\"Casa Rural con Perros Girona\",\"description\":\"Turisme Rural amb Gossos Girona\",\"publisher\":{\"@id\":\"https:\\\/\\\/casaruralconperrosgirona.com\\\/es\\\/#organization\"},\"potentialAction\":[{\"@type\":\"SearchAction\",\"target\":{\"@type\":\"EntryPoint\",\"urlTemplate\":\"https:\\\/\\\/casaruralconperrosgirona.com\\\/es\\\/?s={search_term_string}\"},\"query-input\":{\"@type\":\"PropertyValueSpecification\",\"valueRequired\":true,\"valueName\":\"search_term_string\"}}],\"inLanguage\":\"es\"},{\"@type\":\"Organization\",\"@id\":\"https:\\\/\\\/casaruralconperrosgirona.com\\\/es\\\/#organization\",\"name\":\"Casa Rural con Perros Girona\",\"url\":\"https:\\\/\\\/casaruralconperrosgirona.com\\\/es\\\/\",\"logo\":{\"@type\":\"ImageObject\",\"inLanguage\":\"es\",\"@id\":\"https:\\\/\\\/casaruralconperrosgirona.com\\\/es\\\/#\\\/schema\\\/logo\\\/image\\\/\",\"url\":\"https:\\\/\\\/casaruralconperrosgirona.com\\\/wp-content\\\/uploads\\\/2023\\\/11\\\/logo.webp\",\"contentUrl\":\"https:\\\/\\\/casaruralconperrosgirona.com\\\/wp-content\\\/uploads\\\/2023\\\/11\\\/logo.webp\",\"width\":161,\"height\":54,\"caption\":\"Casa Rural con Perros Girona\"},\"image\":{\"@id\":\"https:\\\/\\\/casaruralconperrosgirona.com\\\/es\\\/#\\\/schema\\\/logo\\\/image\\\/\"}},{\"@type\":\"Person\",\"@id\":\"https:\\\/\\\/casaruralconperrosgirona.com\\\/es\\\/#\\\/schema\\\/person\\\/5ebcad21205af2dce94ba4d6463d4830\",\"name\":\"Mas Torrencito\",\"image\":{\"@type\":\"ImageObject\",\"inLanguage\":\"es\",\"@id\":\"https:\\\/\\\/secure.gravatar.com\\\/avatar\\\/b7fb4cff0b30bb664a3fe8271f60c493235311eb1bb917d43fd79a61ae8e99f8?s=96&d=blank&r=g\",\"url\":\"https:\\\/\\\/secure.gravatar.com\\\/avatar\\\/b7fb4cff0b30bb664a3fe8271f60c493235311eb1bb917d43fd79a61ae8e99f8?s=96&d=blank&r=g\",\"contentUrl\":\"https:\\\/\\\/secure.gravatar.com\\\/avatar\\\/b7fb4cff0b30bb664a3fe8271f60c493235311eb1bb917d43fd79a61ae8e99f8?s=96&d=blank&r=g\",\"caption\":\"Mas Torrencito\"},\"sameAs\":[\"https:\\\/\\\/casaruralconperrosgirona.com\"]}]}<\/script>\n<!-- \/ Yoast SEO plugin. -->","yoast_head_json":{"title":"Lavadoras al poder en Mas Torrencito - Casa Rural con Perros Girona","description":"\"Descubre c\u00f3mo las lavadoras se convierten en hero\u00ednas del hogar mientras reflexionamos sobre el cuidado de nuestras cosas y el ahorro diario","robots":{"index":"index","follow":"follow","max-snippet":"max-snippet:-1","max-image-preview":"max-image-preview:large","max-video-preview":"max-video-preview:-1"},"canonical":"https:\/\/casaruralconperrosgirona.com\/es\/lavadoras-al-poder-en-mas-torrencito\/","og_locale":"es_ES","og_type":"article","og_title":"Lavadoras al poder en Mas Torrencito - Casa Rural con Perros Girona","og_description":"\"Descubre c\u00f3mo las lavadoras se convierten en hero\u00ednas del hogar mientras reflexionamos sobre el cuidado de nuestras cosas y el ahorro diario","og_url":"https:\/\/casaruralconperrosgirona.com\/es\/lavadoras-al-poder-en-mas-torrencito\/","og_site_name":"Casa Rural con Perros Girona","article_published_time":"2024-10-07T05:03:35+00:00","article_modified_time":"2024-10-23T09:49:10+00:00","og_image":[{"width":1024,"height":1024,"url":"https:\/\/casaruralconperrosgirona.com\/wp-content\/uploads\/2024\/10\/lavanderia.jpg","type":"image\/jpeg"}],"author":"Mas Torrencito","twitter_card":"summary_large_image","twitter_misc":{"Escrito por":"Mas Torrencito","Tiempo de lectura":"5 minutos"},"schema":{"@context":"https:\/\/schema.org","@graph":[{"@type":"Article","@id":"https:\/\/casaruralconperrosgirona.com\/es\/lavadoras-al-poder-en-mas-torrencito\/#article","isPartOf":{"@id":"https:\/\/casaruralconperrosgirona.com\/es\/lavadoras-al-poder-en-mas-torrencito\/"},"author":{"name":"Mas Torrencito","@id":"https:\/\/casaruralconperrosgirona.com\/es\/#\/schema\/person\/5ebcad21205af2dce94ba4d6463d4830"},"headline":"Lavadoras al poder en Mas Torrencito","datePublished":"2024-10-07T05:03:35+00:00","dateModified":"2024-10-23T09:49:10+00:00","mainEntityOfPage":{"@id":"https:\/\/casaruralconperrosgirona.com\/es\/lavadoras-al-poder-en-mas-torrencito\/"},"wordCount":756,"commentCount":0,"publisher":{"@id":"https:\/\/casaruralconperrosgirona.com\/es\/#organization"},"image":{"@id":"https:\/\/casaruralconperrosgirona.com\/es\/lavadoras-al-poder-en-mas-torrencito\/#primaryimage"},"thumbnailUrl":"https:\/\/casaruralconperrosgirona.com\/wp-content\/uploads\/2024\/10\/lavanderia.jpg","articleSection":["Historias de Mastorrencito"],"inLanguage":"es","potentialAction":[{"@type":"CommentAction","name":"Comment","target":["https:\/\/casaruralconperrosgirona.com\/es\/lavadoras-al-poder-en-mas-torrencito\/#respond"]}]},{"@type":"WebPage","@id":"https:\/\/casaruralconperrosgirona.com\/es\/lavadoras-al-poder-en-mas-torrencito\/","url":"https:\/\/casaruralconperrosgirona.com\/es\/lavadoras-al-poder-en-mas-torrencito\/","name":"Lavadoras al poder en Mas Torrencito - Casa Rural con Perros Girona","isPartOf":{"@id":"https:\/\/casaruralconperrosgirona.com\/es\/#website"},"primaryImageOfPage":{"@id":"https:\/\/casaruralconperrosgirona.com\/es\/lavadoras-al-poder-en-mas-torrencito\/#primaryimage"},"image":{"@id":"https:\/\/casaruralconperrosgirona.com\/es\/lavadoras-al-poder-en-mas-torrencito\/#primaryimage"},"thumbnailUrl":"https:\/\/casaruralconperrosgirona.com\/wp-content\/uploads\/2024\/10\/lavanderia.jpg","datePublished":"2024-10-07T05:03:35+00:00","dateModified":"2024-10-23T09:49:10+00:00","description":"\"Descubre c\u00f3mo las lavadoras se convierten en hero\u00ednas del hogar mientras reflexionamos sobre el cuidado de nuestras cosas y el ahorro diario","breadcrumb":{"@id":"https:\/\/casaruralconperrosgirona.com\/es\/lavadoras-al-poder-en-mas-torrencito\/#breadcrumb"},"inLanguage":"es","potentialAction":[{"@type":"ReadAction","target":["https:\/\/casaruralconperrosgirona.com\/es\/lavadoras-al-poder-en-mas-torrencito\/"]}]},{"@type":"ImageObject","inLanguage":"es","@id":"https:\/\/casaruralconperrosgirona.com\/es\/lavadoras-al-poder-en-mas-torrencito\/#primaryimage","url":"https:\/\/casaruralconperrosgirona.com\/wp-content\/uploads\/2024\/10\/lavanderia.jpg","contentUrl":"https:\/\/casaruralconperrosgirona.com\/wp-content\/uploads\/2024\/10\/lavanderia.jpg","width":1024,"height":1024},{"@type":"BreadcrumbList","@id":"https:\/\/casaruralconperrosgirona.com\/es\/lavadoras-al-poder-en-mas-torrencito\/#breadcrumb","itemListElement":[{"@type":"ListItem","position":1,"name":"Portada","item":"https:\/\/casaruralconperrosgirona.com\/es\/"},{"@type":"ListItem","position":2,"name":"Lavadoras al poder en Mas Torrencito"}]},{"@type":"WebSite","@id":"https:\/\/casaruralconperrosgirona.com\/es\/#website","url":"https:\/\/casaruralconperrosgirona.com\/es\/","name":"Casa Rural con Perros Girona","description":"Turisme Rural amb Gossos Girona","publisher":{"@id":"https:\/\/casaruralconperrosgirona.com\/es\/#organization"},"potentialAction":[{"@type":"SearchAction","target":{"@type":"EntryPoint","urlTemplate":"https:\/\/casaruralconperrosgirona.com\/es\/?s={search_term_string}"},"query-input":{"@type":"PropertyValueSpecification","valueRequired":true,"valueName":"search_term_string"}}],"inLanguage":"es"},{"@type":"Organization","@id":"https:\/\/casaruralconperrosgirona.com\/es\/#organization","name":"Casa Rural con Perros Girona","url":"https:\/\/casaruralconperrosgirona.com\/es\/","logo":{"@type":"ImageObject","inLanguage":"es","@id":"https:\/\/casaruralconperrosgirona.com\/es\/#\/schema\/logo\/image\/","url":"https:\/\/casaruralconperrosgirona.com\/wp-content\/uploads\/2023\/11\/logo.webp","contentUrl":"https:\/\/casaruralconperrosgirona.com\/wp-content\/uploads\/2023\/11\/logo.webp","width":161,"height":54,"caption":"Casa Rural con Perros Girona"},"image":{"@id":"https:\/\/casaruralconperrosgirona.com\/es\/#\/schema\/logo\/image\/"}},{"@type":"Person","@id":"https:\/\/casaruralconperrosgirona.com\/es\/#\/schema\/person\/5ebcad21205af2dce94ba4d6463d4830","name":"Mas Torrencito","image":{"@type":"ImageObject","inLanguage":"es","@id":"https:\/\/secure.gravatar.com\/avatar\/b7fb4cff0b30bb664a3fe8271f60c493235311eb1bb917d43fd79a61ae8e99f8?s=96&d=blank&r=g","url":"https:\/\/secure.gravatar.com\/avatar\/b7fb4cff0b30bb664a3fe8271f60c493235311eb1bb917d43fd79a61ae8e99f8?s=96&d=blank&r=g","contentUrl":"https:\/\/secure.gravatar.com\/avatar\/b7fb4cff0b30bb664a3fe8271f60c493235311eb1bb917d43fd79a61ae8e99f8?s=96&d=blank&r=g","caption":"Mas Torrencito"},"sameAs":["https:\/\/casaruralconperrosgirona.com"]}]}},"jetpack_featured_media_url":"https:\/\/casaruralconperrosgirona.com\/wp-content\/uploads\/2024\/10\/lavanderia.jpg","_links":{"self":[{"href":"https:\/\/casaruralconperrosgirona.com\/es\/wp-json\/wp\/v2\/posts\/1674","targetHints":{"allow":["GET"]}}],"collection":[{"href":"https:\/\/casaruralconperrosgirona.com\/es\/wp-json\/wp\/v2\/posts"}],"about":[{"href":"https:\/\/casaruralconperrosgirona.com\/es\/wp-json\/wp\/v2\/types\/post"}],"author":[{"embeddable":true,"href":"https:\/\/casaruralconperrosgirona.com\/es\/wp-json\/wp\/v2\/users\/1"}],"replies":[{"embeddable":true,"href":"https:\/\/casaruralconperrosgirona.com\/es\/wp-json\/wp\/v2\/comments?post=1674"}],"version-history":[{"count":0,"href":"https:\/\/casaruralconperrosgirona.com\/es\/wp-json\/wp\/v2\/posts\/1674\/revisions"}],"wp:featuredmedia":[{"embeddable":true,"href":"https:\/\/casaruralconperrosgirona.com\/es\/wp-json\/wp\/v2\/media\/1676"}],"wp:attachment":[{"href":"https:\/\/casaruralconperrosgirona.com\/es\/wp-json\/wp\/v2\/media?parent=1674"}],"wp:term":[{"taxonomy":"category","embeddable":true,"href":"https:\/\/casaruralconperrosgirona.com\/es\/wp-json\/wp\/v2\/categories?post=1674"},{"taxonomy":"post_tag","embeddable":true,"href":"https:\/\/casaruralconperrosgirona.com\/es\/wp-json\/wp\/v2\/tags?post=1674"}],"curies":[{"name":"wp","href":"https:\/\/api.w.org\/{rel}","templated":true}]}}