{"id":1701,"date":"2024-10-16T06:24:59","date_gmt":"2024-10-16T06:24:59","guid":{"rendered":"https:\/\/casaruralconperrosgirona.com\/la-srta-mamas-de-mas-torrencito\/"},"modified":"2024-10-23T09:48:30","modified_gmt":"2024-10-23T09:48:30","slug":"la-srta-mamas-de-mas-torrencito","status":"publish","type":"post","link":"https:\/\/casaruralconperrosgirona.com\/es\/la-srta-mamas-de-mas-torrencito\/","title":{"rendered":"La Srta. Mam\u00e1s de Mas Torrencito"},"content":{"rendered":"\n<p>Soy Manuela, la golden de Mas Torrencito, y aunque ya no est\u00e9 f\u00edsicamente, sigo aqu\u00ed de alguna forma, observando cada rinc\u00f3n de este sitio que fue mi hogar durante 16 a\u00f1os. Hoy quiero hablarles de Mamas, esa perrita que ha dejado una huella tan profunda, que es imposible no o\u00edr una mezcla de cari\u00f1o y compasi\u00f3n cada vez que la veamos. \ud83d\udc3e\u2728 La Srta. Mam\u00e1s de Mas Torrencito   <\/p>\n\n<blockquote class=\"wp-block-quote is-layout-flow wp-block-quote-is-layout-flow\">\n<p>La historia de Mamas comenz\u00f3 de manera muy peculiar, como tantas otras aqu\u00ed en Mas Torrencito. Nadie le esperaba. Todo estaba listo para recibir a Masto y Maky, dos perritos que ven\u00edan de Madrid, cuando de repente, \u00a1zas! Nos avisan de que han encontrado a una perrita en condiciones terribles, atada a un carro en medio del campo, medio muerta. Su cuerpo delgado y cansado apenas se manten\u00eda en pie, y lo primero que llam\u00f3 la atenci\u00f3n fueron esas mamas enormes que le colgaban hasta el suelo. Ni siquiera sab\u00edamos si estaba pre\u00f1ada o no. \u00bfSe imaginan el susto que quitaba encima? \ud83d\ude1f<\/p>\n<\/blockquote>\n\n<p>Ese mismo d\u00eda, con el caos de recibir a dos perros nuevos, la noticia de que legaba una tercera perrita fue\u2026 inesperada. Nadie lo planeaba, pero \u00bfc\u00f3mo decir que no? As\u00ed que al final, ah\u00ed est\u00e1bamos, con tres perros nuevos en una casa que ya estaba llena de vida canina. En ese entonces viv\u00edamos conmigo, Manuela; Markos, Max y Macarena, \u00a1\u00e9ramos siete en total! \u00a1Siete perros! \ud83d\ude04 Imag\u00ednense la locura que era aquello.     <\/p>\n\n<h4 class=\"wp-block-heading\">Legada a Mas Torrencito de Mamas, Maky y Masto<\/h4>\n\n<p>Cuando llegaron Mamas, Masto y Maky, era ya de noche. La oscuridad y el largo viaje solo aumentaron el nerviosismo de Mamas. Recuerdo perfectamente c\u00f3mo fue ese momento. Mientras los dos chicos bajaban del coche contentos, meneando el pegamento, como si siempre hubieran pertenecido a Mas Torrencito, Mamas no sab\u00eda ni donde meterse. Estaba aterrizada. Sobre ojitos brillaban de miedo bajo las luces. Los otros perros saltaban de alegr\u00eda, corriendo, jugando, recibiendo mimos de los clientes que estaban all\u00ed en ese momento, pero Mamas\u2026 ella solo buscaba un refugio. Se fue directamente a amagarse bajo una mesa y no se movi\u00f3 de all\u00ed. Pobrecita, su cuerpo temblaba tanto que parec\u00eda que iba a desmoronarse. \ud83d\udc94<\/p>\n\n<p>Esa primera noche fue extra\u00f1a. Mientras los otros dos, Maky y Masto, se acomodaron r\u00e1pidamente como si ya fueran parte de la familia, Mamas se qued\u00f3 junto a m\u00ed, en el suelo. No se mov\u00eda ni un cent\u00edmetro. Yo la miraba, intentando tranquilizarla, pero en su mirada hab\u00eda algo m\u00e1s profundo, algo roto que no sab\u00eda c\u00f3mo reparar. Durante toda la noche, no despeg\u00f3 su mirada de m\u00ed. Estaba en guardia, como si no supiera si pod\u00eda confiar en m\u00ed o en el mundo que le rodeaba. A eso de las tres de la ma\u00f1ana, cuando me levant\u00e9, la vino all\u00ed, mir\u00e1ndome. La verdad, me asust\u00e9 un poco, porque aunque era una perra temerosa, ten\u00eda una mand\u00edbula impresionante, de esas que imponen. Pero decidi\u00f3 acercarme, le acarici\u00f3 su cabeza suavemente, y aunque temblaba un poco, me sigui\u00f3 hasta la cocina.        <\/p>\n\n<p>Era la primera vez que se levantaba desde que le hab\u00eda llegado. Sab\u00eda que no hab\u00eda comido nada, as\u00ed que abri\u00f3 una lata de comida humeda y se la puso con un poco de pienso. \u00a1C\u00f3mo comi\u00f3n! \ud83c\udf5b Su hambre reflejaba el largo tiempo que hab\u00eda pasado sufriendo en el campo, sola y hambrienta. Despu\u00e9s de eso, la levant\u00f3 a dar un paseo corto por los alrededores. Y por fin, hizo sus necesidades. Fue un momento liberador, como si poco a poco empezara a soltar esa coraza de miedo que la envolv\u00eda.      <\/p>\n\n<h3 class=\"wp-block-heading\">Siempre a m\u00ed lado. La Srta. Mam\u00e1s de Mas Torrencito  <\/h3>\n\n<p>Al d\u00eda siguiente, Mamas segu\u00eda pegada a m\u00ed como una sombra. Donde yo iba, ella iba. No hac\u00eda falta ni que la llamara. Era como si necesitara mi presencia para sentirse segura. Y as\u00ed empez\u00f3 su vida aqu\u00ed, en Mas Torrencito, una vida que, aunque llena de cari\u00f1o y amor, nunca pudo borrar del todo sus miedos. \ud83d\ude14<\/p>\n\n<p>Pasaron los d\u00edas y los meses, pero los traumas de Mamas segu\u00edan ah\u00ed. Cualquier ruido la asustaba. Si un cazador disparaba en los campos cercanos o si el viento de la tramuntana bufaba fuerte, ella se volv\u00eda un mar de temblores. No dorm\u00edamos ninguna de esas noches. Mam\u00e1s se sub\u00eda a la pierna, temblando, llorando, buscando refugio en medio de su p\u00e1nico. A veces, la encontr\u00e1bamos acurrucada en los lugares m\u00e1s inveros\u00edmiles: el despensa, el ba\u00f1o, tras el mamparo de la ducha, cualquier lugar donde ella creyera que el mundo no la alcanzar\u00eda. \ud83d\udca8\ud83d\udca6      <\/p>\n\n<h3 class=\"wp-block-heading\">Vigilancia total&#8230; La Srta. Mam\u00e1s de Mas Torrencito  <\/h3>\n\n<p><\/p>\n\n<p>Lo que s\u00ed era impresionante de Mamas es que, a pesar de todo ese miedo, siempre ten\u00eda su instinto protector. Era como un cocodrilo, as\u00ed la llamabamos cari\u00f1osamente. \ud83d\udc0a Pod\u00eda pasar horas amagada entre los \u00e1rboles del jard\u00edn, vigilando a todos. Y si alg\u00fan extra\u00f1o se acercaba de manera sospechosa, \u00a1cuidado! Mam\u00e1s saltaba al instante, dispuesta a protegernos. Ten\u00eda un sentido de la lealtad y el cuidado que sobrepasaba cualquier barrera de miedo. Aunque era temerosa, nunca dejaba que nada nos hiciera da\u00f1o.      <\/p>\n\n<p>Con los a\u00f1os, Mamas se gan\u00f3 el cari\u00f1o de muchas personas. \ud83e\udde1 Se convirti\u00f3 en la favorita de varias de nuestras clientas, quienes cada vez que volv\u00edan a Mas Torrencito, la buscaban para lanzarla de mimos. Ella, aunque segu\u00eda siendo la perra silenciosa y sigilosa de siempre, sab\u00eda qui\u00e9nes la quer\u00edan. Y las hac\u00eda unas fiestas cuando las ve\u00eda que parec\u00eda otra perra. Pero lo curioso es que nunca ped\u00eda nada. No ladraba ni se hac\u00eda notar. Simplemente, estaba siempre presente, en silencio, observando desde su rinc\u00f3n favorito debajo de alguna mesa.      <\/p>\n\n<p>Lo que siempre nos ha llamado la atenci\u00f3n de Mamas es su terquedad. Si ella no quer\u00eda moverse, no hab\u00eda forma de hacerla cambiar de idea. Si por ejemplo legaba un repartidor y ella se pon\u00eda nerviosa, se tumbaba en el suelo y no hab\u00eda poder humano que la levantara. Pero, ah, si le pon\u00edas una correa, se levantaba como si nada, lista para seguirte a donde fuera. Era su forma de manejar el control de la situaci\u00f3n, supongo. \ud83e\udd37\u200d\u2640\ufe0f     <\/p>\n\n<h3 class=\"wp-block-heading\">Siempre cono sobre miedos.<\/h3>\n\n<p>Y as\u00ed han pasado los a\u00f1os, y aunque Mamas sigue siendo la misma perrita temerosa, cada d\u00eda sorprende con sus peque\u00f1os gestos. No hay un solo d\u00eda en que no vigile a Mas Torrencito como la alarma m\u00e1s eficiente que hemos tenido. Si alguien se acerca a la casa, ella lo sabe antes que nadie. Y cuando se avecina una tormenta, ya sabemos que Mamas encontrar\u00e1 su refugio en los lugares m\u00e1s insospechados. Aunque, curiosamente, despu\u00e9s de tantos a\u00f1os, descubrimos algo que la calma por completo: el coche. \ud83d\ude97 \u00a1S\u00ed! Cuando hay tormenta, dejamos el coche abierto, y Mamas se acomoda dentro como si fuera el lugar m\u00e1s seguro del mundo. Aqu\u00ed, por fin, encuentra la paz que tanto busca, e incluso a veces se queda dormida entre truenos y rel\u00e1mpagos. Es su peque\u00f1o santuario en medio del caos.        <\/p>\n\n<p>Mam\u00e1s, con todos sus miedos, sigue siendo una perra que se hace querer. Es dif\u00edcil no sentirse conmovido por su historia, por todo lo que ha pasado y por c\u00f3mo, a pesar de todo, ha encontrado su sitio en este loco pero amoroso rinc\u00f3n llamado Mas Torrencito. Y yo, Manuela, desde all\u00ed llega, sonr\u00edo al verla. Aunque espantada, s\u00e9 que sigue siendo la misma perra protectora, leal y \u00fanica que lleg\u00f3 aqu\u00ed hace ya tantos a\u00f1os. \ud83c\udf1f<\/p>\n\n<p><strong>Feliz Miercoles a todos!<\/strong> \ud83d\ude0a<\/p>\n\n<p>\u2014\u2013<br\/> Si quieres, podeis ver nuestros buenos ofertas para fines de semana, bonos jubilados, \u2026 en <a href=\"https:\/\/www.mastorrencito.com\/\">www.mastorrencito.com<\/a> o si quieres leer m\u00e1s historia,.. haz click <a href=\"https:\/\/casaruralconperrosgirona.com\/es\/\">aqui<\/a> :<\/p>\n\n<p><\/p>\n","protected":false},"excerpt":{"rendered":"<p>Soy Manuela, la golden de Mas Torrencito, y aunque ya no est&eacute; f&iacute;sicamente, sigo aqu&iacute; de alguna forma, observando cada rinc&oacute;n de este sitio que fue mi hogar durante 16&#8230;<\/p>\n","protected":false},"author":1,"featured_media":1699,"comment_status":"open","ping_status":"open","sticky":false,"template":"","format":"standard","meta":{"_kad_post_transparent":"","_kad_post_title":"","_kad_post_layout":"","_kad_post_sidebar_id":"","_kad_post_content_style":"","_kad_post_vertical_padding":"","_kad_post_feature":"","_kad_post_feature_position":"","_kad_post_header":false,"_kad_post_footer":false,"_kad_post_classname":"","footnotes":""},"categories":[28],"tags":[],"class_list":["post-1701","post","type-post","status-publish","format-standard","has-post-thumbnail","hentry","category-historias-de-mastorrencito"],"yoast_head":"<!-- This site is optimized with the Yoast SEO plugin v27.5 - https:\/\/yoast.com\/product\/yoast-seo-wordpress\/ -->\n<title>La Srta. Mam\u00e1s de Mas Torrencito - Casa Rural con Perros Girona<\/title>\n<meta name=\"description\" content=\"Descubre la emotiva historia de Mamas, una perrita cruce de Pastor Alem\u00e1n y Malinois, que lleg\u00f3 a Mas Torrencito llena de traumas y miedos,\" \/>\n<meta name=\"robots\" content=\"index, follow, max-snippet:-1, max-image-preview:large, max-video-preview:-1\" \/>\n<link rel=\"canonical\" href=\"https:\/\/casaruralconperrosgirona.com\/es\/la-srta-mamas-de-mas-torrencito\/\" \/>\n<meta property=\"og:locale\" content=\"es_ES\" \/>\n<meta property=\"og:type\" content=\"article\" \/>\n<meta property=\"og:title\" content=\"La Srta. Mam\u00e1s de Mas Torrencito - Casa Rural con Perros Girona\" \/>\n<meta property=\"og:description\" content=\"Descubre la emotiva historia de Mamas, una perrita cruce de Pastor Alem\u00e1n y Malinois, que lleg\u00f3 a Mas Torrencito llena de traumas y miedos,\" \/>\n<meta property=\"og:url\" content=\"https:\/\/casaruralconperrosgirona.com\/es\/la-srta-mamas-de-mas-torrencito\/\" \/>\n<meta property=\"og:site_name\" content=\"Casa Rural con Perros Girona\" \/>\n<meta property=\"article:published_time\" content=\"2024-10-16T06:24:59+00:00\" \/>\n<meta property=\"article:modified_time\" content=\"2024-10-23T09:48:30+00:00\" \/>\n<meta property=\"og:image\" content=\"https:\/\/casaruralconperrosgirona.com\/wp-content\/uploads\/2024\/10\/mamas.jpg\" \/>\n\t<meta property=\"og:image:width\" content=\"1024\" \/>\n\t<meta property=\"og:image:height\" content=\"1024\" \/>\n\t<meta property=\"og:image:type\" content=\"image\/jpeg\" \/>\n<meta name=\"author\" content=\"Mas Torrencito\" \/>\n<meta name=\"twitter:card\" content=\"summary_large_image\" \/>\n<meta name=\"twitter:label1\" content=\"Escrito por\" \/>\n\t<meta name=\"twitter:data1\" content=\"Mas Torrencito\" \/>\n\t<meta name=\"twitter:label2\" content=\"Tiempo de lectura\" \/>\n\t<meta name=\"twitter:data2\" content=\"7 minutos\" \/>\n<script type=\"application\/ld+json\" class=\"yoast-schema-graph\">{\"@context\":\"https:\\\/\\\/schema.org\",\"@graph\":[{\"@type\":\"Article\",\"@id\":\"https:\\\/\\\/casaruralconperrosgirona.com\\\/es\\\/la-srta-mamas-de-mas-torrencito\\\/#article\",\"isPartOf\":{\"@id\":\"https:\\\/\\\/casaruralconperrosgirona.com\\\/es\\\/la-srta-mamas-de-mas-torrencito\\\/\"},\"author\":{\"name\":\"Mas Torrencito\",\"@id\":\"https:\\\/\\\/casaruralconperrosgirona.com\\\/es\\\/#\\\/schema\\\/person\\\/5ebcad21205af2dce94ba4d6463d4830\"},\"headline\":\"La Srta. Mam\u00e1s de Mas Torrencito\",\"datePublished\":\"2024-10-16T06:24:59+00:00\",\"dateModified\":\"2024-10-23T09:48:30+00:00\",\"mainEntityOfPage\":{\"@id\":\"https:\\\/\\\/casaruralconperrosgirona.com\\\/es\\\/la-srta-mamas-de-mas-torrencito\\\/\"},\"wordCount\":1376,\"commentCount\":0,\"publisher\":{\"@id\":\"https:\\\/\\\/casaruralconperrosgirona.com\\\/es\\\/#organization\"},\"image\":{\"@id\":\"https:\\\/\\\/casaruralconperrosgirona.com\\\/es\\\/la-srta-mamas-de-mas-torrencito\\\/#primaryimage\"},\"thumbnailUrl\":\"https:\\\/\\\/casaruralconperrosgirona.com\\\/wp-content\\\/uploads\\\/2024\\\/10\\\/mamas.jpg\",\"articleSection\":[\"Historias de Mastorrencito\"],\"inLanguage\":\"es\",\"potentialAction\":[{\"@type\":\"CommentAction\",\"name\":\"Comment\",\"target\":[\"https:\\\/\\\/casaruralconperrosgirona.com\\\/es\\\/la-srta-mamas-de-mas-torrencito\\\/#respond\"]}]},{\"@type\":\"WebPage\",\"@id\":\"https:\\\/\\\/casaruralconperrosgirona.com\\\/es\\\/la-srta-mamas-de-mas-torrencito\\\/\",\"url\":\"https:\\\/\\\/casaruralconperrosgirona.com\\\/es\\\/la-srta-mamas-de-mas-torrencito\\\/\",\"name\":\"La Srta. Mam\u00e1s de Mas Torrencito - Casa Rural con Perros Girona\",\"isPartOf\":{\"@id\":\"https:\\\/\\\/casaruralconperrosgirona.com\\\/es\\\/#website\"},\"primaryImageOfPage\":{\"@id\":\"https:\\\/\\\/casaruralconperrosgirona.com\\\/es\\\/la-srta-mamas-de-mas-torrencito\\\/#primaryimage\"},\"image\":{\"@id\":\"https:\\\/\\\/casaruralconperrosgirona.com\\\/es\\\/la-srta-mamas-de-mas-torrencito\\\/#primaryimage\"},\"thumbnailUrl\":\"https:\\\/\\\/casaruralconperrosgirona.com\\\/wp-content\\\/uploads\\\/2024\\\/10\\\/mamas.jpg\",\"datePublished\":\"2024-10-16T06:24:59+00:00\",\"dateModified\":\"2024-10-23T09:48:30+00:00\",\"description\":\"Descubre la emotiva historia de Mamas, una perrita cruce de Pastor Alem\u00e1n y Malinois, que lleg\u00f3 a Mas Torrencito llena de traumas y miedos,\",\"breadcrumb\":{\"@id\":\"https:\\\/\\\/casaruralconperrosgirona.com\\\/es\\\/la-srta-mamas-de-mas-torrencito\\\/#breadcrumb\"},\"inLanguage\":\"es\",\"potentialAction\":[{\"@type\":\"ReadAction\",\"target\":[\"https:\\\/\\\/casaruralconperrosgirona.com\\\/es\\\/la-srta-mamas-de-mas-torrencito\\\/\"]}]},{\"@type\":\"ImageObject\",\"inLanguage\":\"es\",\"@id\":\"https:\\\/\\\/casaruralconperrosgirona.com\\\/es\\\/la-srta-mamas-de-mas-torrencito\\\/#primaryimage\",\"url\":\"https:\\\/\\\/casaruralconperrosgirona.com\\\/wp-content\\\/uploads\\\/2024\\\/10\\\/mamas.jpg\",\"contentUrl\":\"https:\\\/\\\/casaruralconperrosgirona.com\\\/wp-content\\\/uploads\\\/2024\\\/10\\\/mamas.jpg\",\"width\":1024,\"height\":1024},{\"@type\":\"BreadcrumbList\",\"@id\":\"https:\\\/\\\/casaruralconperrosgirona.com\\\/es\\\/la-srta-mamas-de-mas-torrencito\\\/#breadcrumb\",\"itemListElement\":[{\"@type\":\"ListItem\",\"position\":1,\"name\":\"Portada\",\"item\":\"https:\\\/\\\/casaruralconperrosgirona.com\\\/es\\\/\"},{\"@type\":\"ListItem\",\"position\":2,\"name\":\"La Srta. Mam\u00e1s de Mas Torrencito\"}]},{\"@type\":\"WebSite\",\"@id\":\"https:\\\/\\\/casaruralconperrosgirona.com\\\/es\\\/#website\",\"url\":\"https:\\\/\\\/casaruralconperrosgirona.com\\\/es\\\/\",\"name\":\"Casa Rural con Perros Girona\",\"description\":\"Turisme Rural amb Gossos Girona\",\"publisher\":{\"@id\":\"https:\\\/\\\/casaruralconperrosgirona.com\\\/es\\\/#organization\"},\"potentialAction\":[{\"@type\":\"SearchAction\",\"target\":{\"@type\":\"EntryPoint\",\"urlTemplate\":\"https:\\\/\\\/casaruralconperrosgirona.com\\\/es\\\/?s={search_term_string}\"},\"query-input\":{\"@type\":\"PropertyValueSpecification\",\"valueRequired\":true,\"valueName\":\"search_term_string\"}}],\"inLanguage\":\"es\"},{\"@type\":\"Organization\",\"@id\":\"https:\\\/\\\/casaruralconperrosgirona.com\\\/es\\\/#organization\",\"name\":\"Casa Rural con Perros Girona\",\"url\":\"https:\\\/\\\/casaruralconperrosgirona.com\\\/es\\\/\",\"logo\":{\"@type\":\"ImageObject\",\"inLanguage\":\"es\",\"@id\":\"https:\\\/\\\/casaruralconperrosgirona.com\\\/es\\\/#\\\/schema\\\/logo\\\/image\\\/\",\"url\":\"https:\\\/\\\/casaruralconperrosgirona.com\\\/wp-content\\\/uploads\\\/2023\\\/11\\\/logo.webp\",\"contentUrl\":\"https:\\\/\\\/casaruralconperrosgirona.com\\\/wp-content\\\/uploads\\\/2023\\\/11\\\/logo.webp\",\"width\":161,\"height\":54,\"caption\":\"Casa Rural con Perros Girona\"},\"image\":{\"@id\":\"https:\\\/\\\/casaruralconperrosgirona.com\\\/es\\\/#\\\/schema\\\/logo\\\/image\\\/\"}},{\"@type\":\"Person\",\"@id\":\"https:\\\/\\\/casaruralconperrosgirona.com\\\/es\\\/#\\\/schema\\\/person\\\/5ebcad21205af2dce94ba4d6463d4830\",\"name\":\"Mas Torrencito\",\"image\":{\"@type\":\"ImageObject\",\"inLanguage\":\"es\",\"@id\":\"https:\\\/\\\/secure.gravatar.com\\\/avatar\\\/b7fb4cff0b30bb664a3fe8271f60c493235311eb1bb917d43fd79a61ae8e99f8?s=96&d=blank&r=g\",\"url\":\"https:\\\/\\\/secure.gravatar.com\\\/avatar\\\/b7fb4cff0b30bb664a3fe8271f60c493235311eb1bb917d43fd79a61ae8e99f8?s=96&d=blank&r=g\",\"contentUrl\":\"https:\\\/\\\/secure.gravatar.com\\\/avatar\\\/b7fb4cff0b30bb664a3fe8271f60c493235311eb1bb917d43fd79a61ae8e99f8?s=96&d=blank&r=g\",\"caption\":\"Mas Torrencito\"},\"sameAs\":[\"https:\\\/\\\/casaruralconperrosgirona.com\"]}]}<\/script>\n<!-- \/ Yoast SEO plugin. -->","yoast_head_json":{"title":"La Srta. Mam\u00e1s de Mas Torrencito - Casa Rural con Perros Girona","description":"Descubre la emotiva historia de Mamas, una perrita cruce de Pastor Alem\u00e1n y Malinois, que lleg\u00f3 a Mas Torrencito llena de traumas y miedos,","robots":{"index":"index","follow":"follow","max-snippet":"max-snippet:-1","max-image-preview":"max-image-preview:large","max-video-preview":"max-video-preview:-1"},"canonical":"https:\/\/casaruralconperrosgirona.com\/es\/la-srta-mamas-de-mas-torrencito\/","og_locale":"es_ES","og_type":"article","og_title":"La Srta. Mam\u00e1s de Mas Torrencito - Casa Rural con Perros Girona","og_description":"Descubre la emotiva historia de Mamas, una perrita cruce de Pastor Alem\u00e1n y Malinois, que lleg\u00f3 a Mas Torrencito llena de traumas y miedos,","og_url":"https:\/\/casaruralconperrosgirona.com\/es\/la-srta-mamas-de-mas-torrencito\/","og_site_name":"Casa Rural con Perros Girona","article_published_time":"2024-10-16T06:24:59+00:00","article_modified_time":"2024-10-23T09:48:30+00:00","og_image":[{"width":1024,"height":1024,"url":"https:\/\/casaruralconperrosgirona.com\/wp-content\/uploads\/2024\/10\/mamas.jpg","type":"image\/jpeg"}],"author":"Mas Torrencito","twitter_card":"summary_large_image","twitter_misc":{"Escrito por":"Mas Torrencito","Tiempo de lectura":"7 minutos"},"schema":{"@context":"https:\/\/schema.org","@graph":[{"@type":"Article","@id":"https:\/\/casaruralconperrosgirona.com\/es\/la-srta-mamas-de-mas-torrencito\/#article","isPartOf":{"@id":"https:\/\/casaruralconperrosgirona.com\/es\/la-srta-mamas-de-mas-torrencito\/"},"author":{"name":"Mas Torrencito","@id":"https:\/\/casaruralconperrosgirona.com\/es\/#\/schema\/person\/5ebcad21205af2dce94ba4d6463d4830"},"headline":"La Srta. Mam\u00e1s de Mas Torrencito","datePublished":"2024-10-16T06:24:59+00:00","dateModified":"2024-10-23T09:48:30+00:00","mainEntityOfPage":{"@id":"https:\/\/casaruralconperrosgirona.com\/es\/la-srta-mamas-de-mas-torrencito\/"},"wordCount":1376,"commentCount":0,"publisher":{"@id":"https:\/\/casaruralconperrosgirona.com\/es\/#organization"},"image":{"@id":"https:\/\/casaruralconperrosgirona.com\/es\/la-srta-mamas-de-mas-torrencito\/#primaryimage"},"thumbnailUrl":"https:\/\/casaruralconperrosgirona.com\/wp-content\/uploads\/2024\/10\/mamas.jpg","articleSection":["Historias de Mastorrencito"],"inLanguage":"es","potentialAction":[{"@type":"CommentAction","name":"Comment","target":["https:\/\/casaruralconperrosgirona.com\/es\/la-srta-mamas-de-mas-torrencito\/#respond"]}]},{"@type":"WebPage","@id":"https:\/\/casaruralconperrosgirona.com\/es\/la-srta-mamas-de-mas-torrencito\/","url":"https:\/\/casaruralconperrosgirona.com\/es\/la-srta-mamas-de-mas-torrencito\/","name":"La Srta. Mam\u00e1s de Mas Torrencito - Casa Rural con Perros Girona","isPartOf":{"@id":"https:\/\/casaruralconperrosgirona.com\/es\/#website"},"primaryImageOfPage":{"@id":"https:\/\/casaruralconperrosgirona.com\/es\/la-srta-mamas-de-mas-torrencito\/#primaryimage"},"image":{"@id":"https:\/\/casaruralconperrosgirona.com\/es\/la-srta-mamas-de-mas-torrencito\/#primaryimage"},"thumbnailUrl":"https:\/\/casaruralconperrosgirona.com\/wp-content\/uploads\/2024\/10\/mamas.jpg","datePublished":"2024-10-16T06:24:59+00:00","dateModified":"2024-10-23T09:48:30+00:00","description":"Descubre la emotiva historia de Mamas, una perrita cruce de Pastor Alem\u00e1n y Malinois, que lleg\u00f3 a Mas Torrencito llena de traumas y miedos,","breadcrumb":{"@id":"https:\/\/casaruralconperrosgirona.com\/es\/la-srta-mamas-de-mas-torrencito\/#breadcrumb"},"inLanguage":"es","potentialAction":[{"@type":"ReadAction","target":["https:\/\/casaruralconperrosgirona.com\/es\/la-srta-mamas-de-mas-torrencito\/"]}]},{"@type":"ImageObject","inLanguage":"es","@id":"https:\/\/casaruralconperrosgirona.com\/es\/la-srta-mamas-de-mas-torrencito\/#primaryimage","url":"https:\/\/casaruralconperrosgirona.com\/wp-content\/uploads\/2024\/10\/mamas.jpg","contentUrl":"https:\/\/casaruralconperrosgirona.com\/wp-content\/uploads\/2024\/10\/mamas.jpg","width":1024,"height":1024},{"@type":"BreadcrumbList","@id":"https:\/\/casaruralconperrosgirona.com\/es\/la-srta-mamas-de-mas-torrencito\/#breadcrumb","itemListElement":[{"@type":"ListItem","position":1,"name":"Portada","item":"https:\/\/casaruralconperrosgirona.com\/es\/"},{"@type":"ListItem","position":2,"name":"La Srta. Mam\u00e1s de Mas Torrencito"}]},{"@type":"WebSite","@id":"https:\/\/casaruralconperrosgirona.com\/es\/#website","url":"https:\/\/casaruralconperrosgirona.com\/es\/","name":"Casa Rural con Perros Girona","description":"Turisme Rural amb Gossos Girona","publisher":{"@id":"https:\/\/casaruralconperrosgirona.com\/es\/#organization"},"potentialAction":[{"@type":"SearchAction","target":{"@type":"EntryPoint","urlTemplate":"https:\/\/casaruralconperrosgirona.com\/es\/?s={search_term_string}"},"query-input":{"@type":"PropertyValueSpecification","valueRequired":true,"valueName":"search_term_string"}}],"inLanguage":"es"},{"@type":"Organization","@id":"https:\/\/casaruralconperrosgirona.com\/es\/#organization","name":"Casa Rural con Perros Girona","url":"https:\/\/casaruralconperrosgirona.com\/es\/","logo":{"@type":"ImageObject","inLanguage":"es","@id":"https:\/\/casaruralconperrosgirona.com\/es\/#\/schema\/logo\/image\/","url":"https:\/\/casaruralconperrosgirona.com\/wp-content\/uploads\/2023\/11\/logo.webp","contentUrl":"https:\/\/casaruralconperrosgirona.com\/wp-content\/uploads\/2023\/11\/logo.webp","width":161,"height":54,"caption":"Casa Rural con Perros Girona"},"image":{"@id":"https:\/\/casaruralconperrosgirona.com\/es\/#\/schema\/logo\/image\/"}},{"@type":"Person","@id":"https:\/\/casaruralconperrosgirona.com\/es\/#\/schema\/person\/5ebcad21205af2dce94ba4d6463d4830","name":"Mas Torrencito","image":{"@type":"ImageObject","inLanguage":"es","@id":"https:\/\/secure.gravatar.com\/avatar\/b7fb4cff0b30bb664a3fe8271f60c493235311eb1bb917d43fd79a61ae8e99f8?s=96&d=blank&r=g","url":"https:\/\/secure.gravatar.com\/avatar\/b7fb4cff0b30bb664a3fe8271f60c493235311eb1bb917d43fd79a61ae8e99f8?s=96&d=blank&r=g","contentUrl":"https:\/\/secure.gravatar.com\/avatar\/b7fb4cff0b30bb664a3fe8271f60c493235311eb1bb917d43fd79a61ae8e99f8?s=96&d=blank&r=g","caption":"Mas Torrencito"},"sameAs":["https:\/\/casaruralconperrosgirona.com"]}]}},"jetpack_featured_media_url":"https:\/\/casaruralconperrosgirona.com\/wp-content\/uploads\/2024\/10\/mamas.jpg","_links":{"self":[{"href":"https:\/\/casaruralconperrosgirona.com\/es\/wp-json\/wp\/v2\/posts\/1701","targetHints":{"allow":["GET"]}}],"collection":[{"href":"https:\/\/casaruralconperrosgirona.com\/es\/wp-json\/wp\/v2\/posts"}],"about":[{"href":"https:\/\/casaruralconperrosgirona.com\/es\/wp-json\/wp\/v2\/types\/post"}],"author":[{"embeddable":true,"href":"https:\/\/casaruralconperrosgirona.com\/es\/wp-json\/wp\/v2\/users\/1"}],"replies":[{"embeddable":true,"href":"https:\/\/casaruralconperrosgirona.com\/es\/wp-json\/wp\/v2\/comments?post=1701"}],"version-history":[{"count":0,"href":"https:\/\/casaruralconperrosgirona.com\/es\/wp-json\/wp\/v2\/posts\/1701\/revisions"}],"wp:featuredmedia":[{"embeddable":true,"href":"https:\/\/casaruralconperrosgirona.com\/es\/wp-json\/wp\/v2\/media\/1699"}],"wp:attachment":[{"href":"https:\/\/casaruralconperrosgirona.com\/es\/wp-json\/wp\/v2\/media?parent=1701"}],"wp:term":[{"taxonomy":"category","embeddable":true,"href":"https:\/\/casaruralconperrosgirona.com\/es\/wp-json\/wp\/v2\/categories?post=1701"},{"taxonomy":"post_tag","embeddable":true,"href":"https:\/\/casaruralconperrosgirona.com\/es\/wp-json\/wp\/v2\/tags?post=1701"}],"curies":[{"name":"wp","href":"https:\/\/api.w.org\/{rel}","templated":true}]}}