{"id":2206,"date":"2024-11-19T06:18:30","date_gmt":"2024-11-19T06:18:30","guid":{"rendered":"https:\/\/casaruralconperrosgirona.com\/?p=2206"},"modified":"2024-11-19T06:18:33","modified_gmt":"2024-11-19T06:18:33","slug":"el-dia-que-me-perdi","status":"publish","type":"post","link":"https:\/\/casaruralconperrosgirona.com\/es\/el-dia-que-me-perdi\/","title":{"rendered":"El d\u00eda que me perd\u00ed\u2026"},"content":{"rendered":"\n<p>Y es que fue de lo peor que me ha pasado nunca. De verdad, mira que me han pasado cosas en mi vida perruna, pero esta la recuerdo como si fuera ayer. Yo, peque\u00f1ita, apenas un a\u00f1o cumplido, con mi energ\u00eda desbordante, no sab\u00eda que aquel d\u00eda cambiar\u00eda mi forma de ver el mundo. El d\u00eda que me perd\u00ed\u2026<\/p>\n\n\n\n<p>Hab\u00edamos vuelto del lugar m\u00e1s maravilloso del que tengo memoria: <strong>Mas Torrencito<\/strong>. Ah\u00ed, mis amos me soltaron la correa nada m\u00e1s llegar, y de inmediato sent\u00ed la libertad como un soplo fresco en mi hocico. Corr\u00ed, jugu\u00e9 y explor\u00e9 durante tres d\u00edas sin l\u00edmite alguno. <strong>Mastitwo<\/strong>, ese mast\u00edn con un cabez\u00f3n gigante y ojos de distinto color, se convirti\u00f3 en mi mejor compa\u00f1ero. A pesar de lo grande que era, siempre se dejaba ganar en las peleas de broma. Aunque, bueno, no todo fue perfecto: se comi\u00f3 mi comida un par de veces, y eso no me hizo mucha gracia. Pero, \u00bfc\u00f3mo enfadarse con alguien tan noble?<\/p>\n\n\n\n<p>Cuando lleg\u00f3 el domingo y volvimos a la ciudad, me qued\u00e9 dormida todo el viaje. Mis sue\u00f1os estaban llenos de campos abiertos, riachos y el olor de la hierba mojada. Pero al llegar a casa, la realidad volvi\u00f3: la camita, los horarios y, por supuesto, <strong>la correa<\/strong>.<\/p>\n\n\n\n<h3 class=\"wp-block-heading\">La rutina interrumpida<\/h3>\n\n\n\n<p>El lunes por la ma\u00f1ana, mi amo me despert\u00f3 con un cl\u00e1sico: \u00abNena, a pasear y a hacer pip\u00ed.\u00bb Yo no quer\u00eda moverme, a\u00fan sent\u00eda agujetas de tanto correr y saltar el fin de semana. Pero al final, me levant\u00e9, me estir\u00e9 y le segu\u00ed, resignada a la rutina de la ciudad. Bajamos las escaleras, dimos nuestra vuelta por la manzana y, como siempre, terminamos en el parque.<\/p>\n\n\n\n<p>Al llegar al pipic\u00e1n, estaban mis amigos de siempre: Rulo, una peque\u00f1a bola de pelo que siempre tiene energ\u00eda de sobra; Fido, un labrador tranquilo pero competitivo; y Luna, una husky con un esp\u00edritu salvaje. Jug\u00e1bamos, corr\u00edamos y compet\u00edamos por los mejores palos. Hasta que, de repente, Rulo ech\u00f3 a correr como un loco. Y yo, sin pensarlo dos veces, fui tras \u00e9l.<\/p>\n\n\n\n<p>Le segu\u00ed por las calles, zigzagueando entre gente y farolas. Pero Rulo era r\u00e1pido, y cuando cre\u00eda alcanzarle, desapareci\u00f3 en una esquina. Sin darme cuenta, me alej\u00e9 m\u00e1s y m\u00e1s. El ruido de los coches me asustaba, las luces me cegaban, y al darme cuenta de que no reconoc\u00eda nada, un escalofr\u00edo recorri\u00f3 mi cuerpo. Y para colmo, empez\u00f3 a llover.<\/p>\n\n\n\n<h3 class=\"wp-block-heading\">La lluvia del miedo. El d\u00eda que me perd\u00ed\u2026<\/h3>\n\n\n\n<p>La lluvia ca\u00eda fuerte, empap\u00e1ndome hasta las patas. Intent\u00e9 seguir mi propio rastro, pero el agua borraba cualquier pista. Las calles parec\u00edan gigantes, los coches pasaban rugiendo y la gente no me prestaba atenci\u00f3n. Por primera vez, sent\u00ed lo que era estar completamente sola.<\/p>\n\n\n\n<p>Me refugi\u00e9 bajo un banco, temblando. En ese momento, el rugido de un trueno hizo que soltara un peque\u00f1o ladrido de miedo. Pero entonces, escuch\u00e9 otro ladrido, esta vez grave y autoritario. Levant\u00e9 las orejas y vi, al otro lado de la calle, a un d\u00e1lmata de manchas perfectas que me miraba fijamente. Camin\u00f3 hacia m\u00ed, con una calma que contrastaba con la tormenta.<\/p>\n\n\n\n<p>\u2014\u00bfEst\u00e1s perdida? \u2014pregunt\u00f3 con una voz seria.<br>\u2014S\u00ed\u2026 No s\u00e9 c\u00f3mo volver a casa \u2014dije, intentando no llorar.<\/p>\n\n\n\n<p>El d\u00e1lmata, que luego supe se llamaba <strong>Tiza<\/strong>, se sent\u00f3 junto a m\u00ed. Era un perro callejero, pero ten\u00eda una dignidad que impon\u00eda respeto.<\/p>\n\n\n\n<p>\u2014No te preocupes, peque\u00f1a. Encontraremos el camino. Pero primero necesitas secarte un poco. Ven conmigo.<\/p>\n\n\n<figure class=\"wp-block-post-featured-image\"><img fetchpriority=\"high\" decoding=\"async\" width=\"1024\" height=\"1024\" src=\"https:\/\/casaruralconperrosgirona.com\/wp-content\/uploads\/2024\/11\/perdidos.jpg\" class=\"attachment-post-thumbnail size-post-thumbnail wp-post-image\" alt=\"\" style=\"object-fit:cover;\" srcset=\"https:\/\/casaruralconperrosgirona.com\/wp-content\/uploads\/2024\/11\/perdidos.jpg 1024w, https:\/\/casaruralconperrosgirona.com\/wp-content\/uploads\/2024\/11\/perdidos-300x300.jpg 300w, https:\/\/casaruralconperrosgirona.com\/wp-content\/uploads\/2024\/11\/perdidos-150x150.jpg 150w, https:\/\/casaruralconperrosgirona.com\/wp-content\/uploads\/2024\/11\/perdidos-768x768.jpg 768w\" sizes=\"(max-width: 1024px) 100vw, 1024px\" \/><\/figure>\n\n\n<h3 class=\"wp-block-heading\">La guarida secreta<\/h3>\n\n\n\n<p>Tiza me llev\u00f3 por callejones hasta un lugar que parec\u00eda su refugio. All\u00ed, bajo un viejo tejado, hab\u00eda otros perros. Un galgo flaco y elegante llamado <strong>Rayo<\/strong> y una perrita salchicha llena de energ\u00eda llamada <strong>Nina<\/strong>. Ellos tambi\u00e9n eran callejeros, pero parec\u00edan formar una peque\u00f1a familia.<\/p>\n\n\n\n<p>\u2014Pobrecilla, est\u00e1 empapada \u2014dijo Nina mientras se acercaba con un viejo trozo de manta que usaban para dormir.<br>\u2014Yo no quiero molestar\u2026 Solo quiero encontrar mi casa \u2014les dije con un hilo de voz.<br>\u2014Eso haremos \u2014respondi\u00f3 Rayo, con una voz suave pero confiada\u2014. Pero primero necesitas descansar.<\/p>\n\n\n\n<p>Mientras la lluvia segu\u00eda cayendo, compartimos historias. Les habl\u00e9 de Mas Torrencito, de sus campos sin fin y del riachuelo donde pod\u00eda saltar sin que nadie me rega\u00f1ara. Les habl\u00e9 de Mastitwo y de c\u00f3mo, en ese lugar, parec\u00eda que los perros y los humanos \u00e9ramos completamente felices.<\/p>\n\n\n\n<p>\u2014Debe ser un para\u00edso \u2014dijo Nina, suspirando\u2014. Aqu\u00ed en la ciudad, hay demasiados coches, demasiados peligros.<\/p>\n\n\n\n<h3 class=\"wp-block-heading\">La b\u00fasqueda del hogar. El d\u00eda que me perd\u00ed\u2026<\/h3>\n\n\n\n<p>Cuando la lluvia ces\u00f3, Tiza se puso de pie con decisi\u00f3n.<br>\u2014Vamos. Si recuerdas algo de tu casa, cu\u00e9ntanos.<\/p>\n\n\n\n<p>Intent\u00e9 describir mi barrio: un parque grande, una fuente con ni\u00f1os jugando y farolas con forma de globo. Mis nuevos amigos me escoltaron por calles y avenidas, olfateando el aire en busca de cualquier pista. Camin\u00e1bamos en grupo, y aunque segu\u00eda teniendo miedo, sent\u00eda que no estaba sola.<\/p>\n\n\n\n<p>Despu\u00e9s de horas de b\u00fasqueda, un aroma familiar me golpe\u00f3: <strong>croquetas<\/strong>. Era el olor de mi comida, ese que solo tienen las croquetas que me sirven en casa. Mis patas reaccionaron antes que mi mente, y corr\u00ed como una loca hacia el aroma.<\/p>\n\n\n\n<p>Y all\u00ed estaban: mis amos, empapados y con caras de preocupaci\u00f3n, llamando mi nombre.<\/p>\n\n\n\n<p>\u2014\u00a1Nena! \u2014grit\u00f3 mi amo al verme\u2014. \u00a1Est\u00e1s aqu\u00ed!<\/p>\n\n\n\n<p>Corr\u00ed hacia ellos, saltando a sus brazos, lami\u00e9ndoles las manos y la cara. La felicidad en sus ojos hizo que mi cola no dejara de moverse. Mis amigos, Tiza, Nina y Rayo, observaban desde lejos, y cuando les ladr\u00e9 para agradecerles, desaparecieron entre las sombras como h\u00e9roes silenciosos.<\/p>\n\n\n\n<h3 class=\"wp-block-heading\">La moraleja<\/h3>\n\n\n\n<p>Esa noche, mientras dorm\u00eda en mi camita, pens\u00e9 en todo lo que hab\u00eda aprendido. La ciudad es un lugar lleno de peligros, pero tambi\u00e9n hay corazones nobles como los de mis nuevos amigos. Sin embargo, nada se compara con la libertad y la felicidad que sent\u00ed en <strong>Mas Torrencito<\/strong>.<\/p>\n\n\n\n<p>Ah\u00ed, no hay coches ni correa, solo juegos, aventuras y amor. Es un lugar donde nosotros, los perros, y nuestros amos podemos ser felices, libres de preocupaciones. Al fin entend\u00ed por qu\u00e9 mi familia tambi\u00e9n parec\u00eda tan feliz all\u00ed. En ese rinc\u00f3n especial, todos olvidamos el ruido y el caos de la ciudad.<\/p>\n\n\n\n<p>Desde entonces, cada vez que veo a mi amo planear un viaje, espero que diga esas dos palabras m\u00e1gicas: <strong>Mas Torrencito<\/strong>. Porque en ese para\u00edso no solo corro, salto y juego\u2026 tambi\u00e9n aprendo lo que significa la verdadera libertad.<\/p>\n\n\n\n<blockquote class=\"wp-block-quote is-layout-flow wp-block-quote-is-layout-flow\">\n<p><br>Desde Mas Torrencito os deseamos un buen d\u00eda y que vuestr@s perr@ os acompa\u00f1e!!!!<\/p>\n<\/blockquote>\n\n\n\n<p>\u2014\u2013<br>Si quieres, podeis ver nuestros&nbsp;<strong>bonos para fines de semana, bonos jubilados<\/strong>&nbsp;,a un precio incre\u00edble..entra en&nbsp;<a href=\"https:\/\/www.mastorrencito.com\/\">www.mastorrencito.com<\/a>&nbsp;o si quieres pod\u00e9is leer m\u00e1s historia y an\u00e9cdotas que nos han pasado en Mas Torrencito\u2026 Haz click&nbsp;<a href=\"https:\/\/casaruralconperrosgirona.com\/es\/\">aqui<\/a>&nbsp;:<\/p>\n","protected":false},"excerpt":{"rendered":"<p>Y es que fue de lo peor que me ha pasado nunca. De verdad, mira que me han pasado cosas en mi vida perruna, pero esta la recuerdo como si&#8230;<\/p>\n","protected":false},"author":1,"featured_media":2207,"comment_status":"open","ping_status":"open","sticky":false,"template":"","format":"standard","meta":{"_kad_post_transparent":"","_kad_post_title":"","_kad_post_layout":"","_kad_post_sidebar_id":"","_kad_post_content_style":"","_kad_post_vertical_padding":"","_kad_post_feature":"","_kad_post_feature_position":"","_kad_post_header":false,"_kad_post_footer":false,"_kad_post_classname":"","footnotes":""},"categories":[28],"tags":[],"class_list":["post-2206","post","type-post","status-publish","format-standard","has-post-thumbnail","hentry","category-historias-de-mastorrencito"],"yoast_head":"<!-- This site is optimized with the Yoast SEO plugin v27.4 - https:\/\/yoast.com\/product\/yoast-seo-wordpress\/ -->\n<title>El d\u00eda que me perd\u00ed\u2026 - Casa Rural con Perros Girona<\/title>\n<meta name=\"description\" content=\"Y es que hay mil peligros en la ciudad, cualquier cosa nos puede despistar o asustar y salir corriendo sin rumbo,,, El d\u00eda que me perd\u00ed\u2026\" \/>\n<meta name=\"robots\" content=\"index, follow, max-snippet:-1, max-image-preview:large, max-video-preview:-1\" \/>\n<link rel=\"canonical\" href=\"https:\/\/casaruralconperrosgirona.com\/es\/el-dia-que-me-perdi\/\" \/>\n<meta property=\"og:locale\" content=\"es_ES\" \/>\n<meta property=\"og:type\" content=\"article\" \/>\n<meta property=\"og:title\" content=\"El d\u00eda que me perd\u00ed\u2026 - Casa Rural con Perros Girona\" \/>\n<meta property=\"og:description\" content=\"Y es que hay mil peligros en la ciudad, cualquier cosa nos puede despistar o asustar y salir corriendo sin rumbo,,, El d\u00eda que me perd\u00ed\u2026\" \/>\n<meta property=\"og:url\" content=\"https:\/\/casaruralconperrosgirona.com\/es\/el-dia-que-me-perdi\/\" \/>\n<meta property=\"og:site_name\" content=\"Casa Rural con Perros Girona\" \/>\n<meta property=\"article:published_time\" content=\"2024-11-19T06:18:30+00:00\" \/>\n<meta property=\"article:modified_time\" content=\"2024-11-19T06:18:33+00:00\" \/>\n<meta property=\"og:image\" content=\"https:\/\/casaruralconperrosgirona.com\/wp-content\/uploads\/2024\/11\/perdidos.jpg\" \/>\n\t<meta property=\"og:image:width\" content=\"1024\" \/>\n\t<meta property=\"og:image:height\" content=\"1024\" \/>\n\t<meta property=\"og:image:type\" content=\"image\/jpeg\" \/>\n<meta name=\"author\" content=\"Mas Torrencito\" \/>\n<meta name=\"twitter:card\" content=\"summary_large_image\" \/>\n<meta name=\"twitter:label1\" content=\"Escrito por\" \/>\n\t<meta name=\"twitter:data1\" content=\"Mas Torrencito\" \/>\n\t<meta name=\"twitter:label2\" content=\"Tiempo de lectura\" \/>\n\t<meta name=\"twitter:data2\" content=\"7 minutos\" \/>\n<script type=\"application\/ld+json\" class=\"yoast-schema-graph\">{\"@context\":\"https:\\\/\\\/schema.org\",\"@graph\":[{\"@type\":\"Article\",\"@id\":\"https:\\\/\\\/casaruralconperrosgirona.com\\\/es\\\/el-dia-que-me-perdi\\\/#article\",\"isPartOf\":{\"@id\":\"https:\\\/\\\/casaruralconperrosgirona.com\\\/es\\\/el-dia-que-me-perdi\\\/\"},\"author\":{\"name\":\"Mas Torrencito\",\"@id\":\"https:\\\/\\\/casaruralconperrosgirona.com\\\/es\\\/#\\\/schema\\\/person\\\/5ebcad21205af2dce94ba4d6463d4830\"},\"headline\":\"El d\u00eda que me perd\u00ed\u2026\",\"datePublished\":\"2024-11-19T06:18:30+00:00\",\"dateModified\":\"2024-11-19T06:18:33+00:00\",\"mainEntityOfPage\":{\"@id\":\"https:\\\/\\\/casaruralconperrosgirona.com\\\/es\\\/el-dia-que-me-perdi\\\/\"},\"wordCount\":1231,\"commentCount\":0,\"publisher\":{\"@id\":\"https:\\\/\\\/casaruralconperrosgirona.com\\\/es\\\/#organization\"},\"image\":{\"@id\":\"https:\\\/\\\/casaruralconperrosgirona.com\\\/es\\\/el-dia-que-me-perdi\\\/#primaryimage\"},\"thumbnailUrl\":\"https:\\\/\\\/casaruralconperrosgirona.com\\\/wp-content\\\/uploads\\\/2024\\\/11\\\/perdidos.jpg\",\"articleSection\":[\"Historias de Mastorrencito\"],\"inLanguage\":\"es\",\"potentialAction\":[{\"@type\":\"CommentAction\",\"name\":\"Comment\",\"target\":[\"https:\\\/\\\/casaruralconperrosgirona.com\\\/es\\\/el-dia-que-me-perdi\\\/#respond\"]}]},{\"@type\":\"WebPage\",\"@id\":\"https:\\\/\\\/casaruralconperrosgirona.com\\\/es\\\/el-dia-que-me-perdi\\\/\",\"url\":\"https:\\\/\\\/casaruralconperrosgirona.com\\\/es\\\/el-dia-que-me-perdi\\\/\",\"name\":\"El d\u00eda que me perd\u00ed\u2026 - Casa Rural con Perros Girona\",\"isPartOf\":{\"@id\":\"https:\\\/\\\/casaruralconperrosgirona.com\\\/es\\\/#website\"},\"primaryImageOfPage\":{\"@id\":\"https:\\\/\\\/casaruralconperrosgirona.com\\\/es\\\/el-dia-que-me-perdi\\\/#primaryimage\"},\"image\":{\"@id\":\"https:\\\/\\\/casaruralconperrosgirona.com\\\/es\\\/el-dia-que-me-perdi\\\/#primaryimage\"},\"thumbnailUrl\":\"https:\\\/\\\/casaruralconperrosgirona.com\\\/wp-content\\\/uploads\\\/2024\\\/11\\\/perdidos.jpg\",\"datePublished\":\"2024-11-19T06:18:30+00:00\",\"dateModified\":\"2024-11-19T06:18:33+00:00\",\"description\":\"Y es que hay mil peligros en la ciudad, cualquier cosa nos puede despistar o asustar y salir corriendo sin rumbo,,, El d\u00eda que me perd\u00ed\u2026\",\"breadcrumb\":{\"@id\":\"https:\\\/\\\/casaruralconperrosgirona.com\\\/es\\\/el-dia-que-me-perdi\\\/#breadcrumb\"},\"inLanguage\":\"es\",\"potentialAction\":[{\"@type\":\"ReadAction\",\"target\":[\"https:\\\/\\\/casaruralconperrosgirona.com\\\/es\\\/el-dia-que-me-perdi\\\/\"]}]},{\"@type\":\"ImageObject\",\"inLanguage\":\"es\",\"@id\":\"https:\\\/\\\/casaruralconperrosgirona.com\\\/es\\\/el-dia-que-me-perdi\\\/#primaryimage\",\"url\":\"https:\\\/\\\/casaruralconperrosgirona.com\\\/wp-content\\\/uploads\\\/2024\\\/11\\\/perdidos.jpg\",\"contentUrl\":\"https:\\\/\\\/casaruralconperrosgirona.com\\\/wp-content\\\/uploads\\\/2024\\\/11\\\/perdidos.jpg\",\"width\":1024,\"height\":1024},{\"@type\":\"BreadcrumbList\",\"@id\":\"https:\\\/\\\/casaruralconperrosgirona.com\\\/es\\\/el-dia-que-me-perdi\\\/#breadcrumb\",\"itemListElement\":[{\"@type\":\"ListItem\",\"position\":1,\"name\":\"Portada\",\"item\":\"https:\\\/\\\/casaruralconperrosgirona.com\\\/es\\\/\"},{\"@type\":\"ListItem\",\"position\":2,\"name\":\"El d\u00eda que me perd\u00ed\u2026\"}]},{\"@type\":\"WebSite\",\"@id\":\"https:\\\/\\\/casaruralconperrosgirona.com\\\/es\\\/#website\",\"url\":\"https:\\\/\\\/casaruralconperrosgirona.com\\\/es\\\/\",\"name\":\"Casa Rural con Perros Girona\",\"description\":\"Turisme Rural amb Gossos Girona\",\"publisher\":{\"@id\":\"https:\\\/\\\/casaruralconperrosgirona.com\\\/es\\\/#organization\"},\"potentialAction\":[{\"@type\":\"SearchAction\",\"target\":{\"@type\":\"EntryPoint\",\"urlTemplate\":\"https:\\\/\\\/casaruralconperrosgirona.com\\\/es\\\/?s={search_term_string}\"},\"query-input\":{\"@type\":\"PropertyValueSpecification\",\"valueRequired\":true,\"valueName\":\"search_term_string\"}}],\"inLanguage\":\"es\"},{\"@type\":\"Organization\",\"@id\":\"https:\\\/\\\/casaruralconperrosgirona.com\\\/es\\\/#organization\",\"name\":\"Casa Rural con Perros Girona\",\"url\":\"https:\\\/\\\/casaruralconperrosgirona.com\\\/es\\\/\",\"logo\":{\"@type\":\"ImageObject\",\"inLanguage\":\"es\",\"@id\":\"https:\\\/\\\/casaruralconperrosgirona.com\\\/es\\\/#\\\/schema\\\/logo\\\/image\\\/\",\"url\":\"https:\\\/\\\/casaruralconperrosgirona.com\\\/wp-content\\\/uploads\\\/2023\\\/11\\\/logo.webp\",\"contentUrl\":\"https:\\\/\\\/casaruralconperrosgirona.com\\\/wp-content\\\/uploads\\\/2023\\\/11\\\/logo.webp\",\"width\":161,\"height\":54,\"caption\":\"Casa Rural con Perros Girona\"},\"image\":{\"@id\":\"https:\\\/\\\/casaruralconperrosgirona.com\\\/es\\\/#\\\/schema\\\/logo\\\/image\\\/\"}},{\"@type\":\"Person\",\"@id\":\"https:\\\/\\\/casaruralconperrosgirona.com\\\/es\\\/#\\\/schema\\\/person\\\/5ebcad21205af2dce94ba4d6463d4830\",\"name\":\"Mas Torrencito\",\"image\":{\"@type\":\"ImageObject\",\"inLanguage\":\"es\",\"@id\":\"https:\\\/\\\/secure.gravatar.com\\\/avatar\\\/b7fb4cff0b30bb664a3fe8271f60c493235311eb1bb917d43fd79a61ae8e99f8?s=96&d=blank&r=g\",\"url\":\"https:\\\/\\\/secure.gravatar.com\\\/avatar\\\/b7fb4cff0b30bb664a3fe8271f60c493235311eb1bb917d43fd79a61ae8e99f8?s=96&d=blank&r=g\",\"contentUrl\":\"https:\\\/\\\/secure.gravatar.com\\\/avatar\\\/b7fb4cff0b30bb664a3fe8271f60c493235311eb1bb917d43fd79a61ae8e99f8?s=96&d=blank&r=g\",\"caption\":\"Mas Torrencito\"},\"sameAs\":[\"https:\\\/\\\/casaruralconperrosgirona.com\"]}]}<\/script>\n<!-- \/ Yoast SEO plugin. -->","yoast_head_json":{"title":"El d\u00eda que me perd\u00ed\u2026 - Casa Rural con Perros Girona","description":"Y es que hay mil peligros en la ciudad, cualquier cosa nos puede despistar o asustar y salir corriendo sin rumbo,,, El d\u00eda que me perd\u00ed\u2026","robots":{"index":"index","follow":"follow","max-snippet":"max-snippet:-1","max-image-preview":"max-image-preview:large","max-video-preview":"max-video-preview:-1"},"canonical":"https:\/\/casaruralconperrosgirona.com\/es\/el-dia-que-me-perdi\/","og_locale":"es_ES","og_type":"article","og_title":"El d\u00eda que me perd\u00ed\u2026 - Casa Rural con Perros Girona","og_description":"Y es que hay mil peligros en la ciudad, cualquier cosa nos puede despistar o asustar y salir corriendo sin rumbo,,, El d\u00eda que me perd\u00ed\u2026","og_url":"https:\/\/casaruralconperrosgirona.com\/es\/el-dia-que-me-perdi\/","og_site_name":"Casa Rural con Perros Girona","article_published_time":"2024-11-19T06:18:30+00:00","article_modified_time":"2024-11-19T06:18:33+00:00","og_image":[{"width":1024,"height":1024,"url":"https:\/\/casaruralconperrosgirona.com\/wp-content\/uploads\/2024\/11\/perdidos.jpg","type":"image\/jpeg"}],"author":"Mas Torrencito","twitter_card":"summary_large_image","twitter_misc":{"Escrito por":"Mas Torrencito","Tiempo de lectura":"7 minutos"},"schema":{"@context":"https:\/\/schema.org","@graph":[{"@type":"Article","@id":"https:\/\/casaruralconperrosgirona.com\/es\/el-dia-que-me-perdi\/#article","isPartOf":{"@id":"https:\/\/casaruralconperrosgirona.com\/es\/el-dia-que-me-perdi\/"},"author":{"name":"Mas Torrencito","@id":"https:\/\/casaruralconperrosgirona.com\/es\/#\/schema\/person\/5ebcad21205af2dce94ba4d6463d4830"},"headline":"El d\u00eda que me perd\u00ed\u2026","datePublished":"2024-11-19T06:18:30+00:00","dateModified":"2024-11-19T06:18:33+00:00","mainEntityOfPage":{"@id":"https:\/\/casaruralconperrosgirona.com\/es\/el-dia-que-me-perdi\/"},"wordCount":1231,"commentCount":0,"publisher":{"@id":"https:\/\/casaruralconperrosgirona.com\/es\/#organization"},"image":{"@id":"https:\/\/casaruralconperrosgirona.com\/es\/el-dia-que-me-perdi\/#primaryimage"},"thumbnailUrl":"https:\/\/casaruralconperrosgirona.com\/wp-content\/uploads\/2024\/11\/perdidos.jpg","articleSection":["Historias de Mastorrencito"],"inLanguage":"es","potentialAction":[{"@type":"CommentAction","name":"Comment","target":["https:\/\/casaruralconperrosgirona.com\/es\/el-dia-que-me-perdi\/#respond"]}]},{"@type":"WebPage","@id":"https:\/\/casaruralconperrosgirona.com\/es\/el-dia-que-me-perdi\/","url":"https:\/\/casaruralconperrosgirona.com\/es\/el-dia-que-me-perdi\/","name":"El d\u00eda que me perd\u00ed\u2026 - Casa Rural con Perros Girona","isPartOf":{"@id":"https:\/\/casaruralconperrosgirona.com\/es\/#website"},"primaryImageOfPage":{"@id":"https:\/\/casaruralconperrosgirona.com\/es\/el-dia-que-me-perdi\/#primaryimage"},"image":{"@id":"https:\/\/casaruralconperrosgirona.com\/es\/el-dia-que-me-perdi\/#primaryimage"},"thumbnailUrl":"https:\/\/casaruralconperrosgirona.com\/wp-content\/uploads\/2024\/11\/perdidos.jpg","datePublished":"2024-11-19T06:18:30+00:00","dateModified":"2024-11-19T06:18:33+00:00","description":"Y es que hay mil peligros en la ciudad, cualquier cosa nos puede despistar o asustar y salir corriendo sin rumbo,,, El d\u00eda que me perd\u00ed\u2026","breadcrumb":{"@id":"https:\/\/casaruralconperrosgirona.com\/es\/el-dia-que-me-perdi\/#breadcrumb"},"inLanguage":"es","potentialAction":[{"@type":"ReadAction","target":["https:\/\/casaruralconperrosgirona.com\/es\/el-dia-que-me-perdi\/"]}]},{"@type":"ImageObject","inLanguage":"es","@id":"https:\/\/casaruralconperrosgirona.com\/es\/el-dia-que-me-perdi\/#primaryimage","url":"https:\/\/casaruralconperrosgirona.com\/wp-content\/uploads\/2024\/11\/perdidos.jpg","contentUrl":"https:\/\/casaruralconperrosgirona.com\/wp-content\/uploads\/2024\/11\/perdidos.jpg","width":1024,"height":1024},{"@type":"BreadcrumbList","@id":"https:\/\/casaruralconperrosgirona.com\/es\/el-dia-que-me-perdi\/#breadcrumb","itemListElement":[{"@type":"ListItem","position":1,"name":"Portada","item":"https:\/\/casaruralconperrosgirona.com\/es\/"},{"@type":"ListItem","position":2,"name":"El d\u00eda que me perd\u00ed\u2026"}]},{"@type":"WebSite","@id":"https:\/\/casaruralconperrosgirona.com\/es\/#website","url":"https:\/\/casaruralconperrosgirona.com\/es\/","name":"Casa Rural con Perros Girona","description":"Turisme Rural amb Gossos Girona","publisher":{"@id":"https:\/\/casaruralconperrosgirona.com\/es\/#organization"},"potentialAction":[{"@type":"SearchAction","target":{"@type":"EntryPoint","urlTemplate":"https:\/\/casaruralconperrosgirona.com\/es\/?s={search_term_string}"},"query-input":{"@type":"PropertyValueSpecification","valueRequired":true,"valueName":"search_term_string"}}],"inLanguage":"es"},{"@type":"Organization","@id":"https:\/\/casaruralconperrosgirona.com\/es\/#organization","name":"Casa Rural con Perros Girona","url":"https:\/\/casaruralconperrosgirona.com\/es\/","logo":{"@type":"ImageObject","inLanguage":"es","@id":"https:\/\/casaruralconperrosgirona.com\/es\/#\/schema\/logo\/image\/","url":"https:\/\/casaruralconperrosgirona.com\/wp-content\/uploads\/2023\/11\/logo.webp","contentUrl":"https:\/\/casaruralconperrosgirona.com\/wp-content\/uploads\/2023\/11\/logo.webp","width":161,"height":54,"caption":"Casa Rural con Perros Girona"},"image":{"@id":"https:\/\/casaruralconperrosgirona.com\/es\/#\/schema\/logo\/image\/"}},{"@type":"Person","@id":"https:\/\/casaruralconperrosgirona.com\/es\/#\/schema\/person\/5ebcad21205af2dce94ba4d6463d4830","name":"Mas Torrencito","image":{"@type":"ImageObject","inLanguage":"es","@id":"https:\/\/secure.gravatar.com\/avatar\/b7fb4cff0b30bb664a3fe8271f60c493235311eb1bb917d43fd79a61ae8e99f8?s=96&d=blank&r=g","url":"https:\/\/secure.gravatar.com\/avatar\/b7fb4cff0b30bb664a3fe8271f60c493235311eb1bb917d43fd79a61ae8e99f8?s=96&d=blank&r=g","contentUrl":"https:\/\/secure.gravatar.com\/avatar\/b7fb4cff0b30bb664a3fe8271f60c493235311eb1bb917d43fd79a61ae8e99f8?s=96&d=blank&r=g","caption":"Mas Torrencito"},"sameAs":["https:\/\/casaruralconperrosgirona.com"]}]}},"jetpack_featured_media_url":"https:\/\/casaruralconperrosgirona.com\/wp-content\/uploads\/2024\/11\/perdidos.jpg","_links":{"self":[{"href":"https:\/\/casaruralconperrosgirona.com\/es\/wp-json\/wp\/v2\/posts\/2206","targetHints":{"allow":["GET"]}}],"collection":[{"href":"https:\/\/casaruralconperrosgirona.com\/es\/wp-json\/wp\/v2\/posts"}],"about":[{"href":"https:\/\/casaruralconperrosgirona.com\/es\/wp-json\/wp\/v2\/types\/post"}],"author":[{"embeddable":true,"href":"https:\/\/casaruralconperrosgirona.com\/es\/wp-json\/wp\/v2\/users\/1"}],"replies":[{"embeddable":true,"href":"https:\/\/casaruralconperrosgirona.com\/es\/wp-json\/wp\/v2\/comments?post=2206"}],"version-history":[{"count":0,"href":"https:\/\/casaruralconperrosgirona.com\/es\/wp-json\/wp\/v2\/posts\/2206\/revisions"}],"wp:featuredmedia":[{"embeddable":true,"href":"https:\/\/casaruralconperrosgirona.com\/es\/wp-json\/wp\/v2\/media\/2207"}],"wp:attachment":[{"href":"https:\/\/casaruralconperrosgirona.com\/es\/wp-json\/wp\/v2\/media?parent=2206"}],"wp:term":[{"taxonomy":"category","embeddable":true,"href":"https:\/\/casaruralconperrosgirona.com\/es\/wp-json\/wp\/v2\/categories?post=2206"},{"taxonomy":"post_tag","embeddable":true,"href":"https:\/\/casaruralconperrosgirona.com\/es\/wp-json\/wp\/v2\/tags?post=2206"}],"curies":[{"name":"wp","href":"https:\/\/api.w.org\/{rel}","templated":true}]}}