{"id":3290,"date":"2025-01-22T04:42:04","date_gmt":"2025-01-22T04:42:04","guid":{"rendered":"https:\/\/casaruralconperrosgirona.com\/?p=3290"},"modified":"2025-01-22T04:50:24","modified_gmt":"2025-01-22T04:50:24","slug":"el-dia-que-mori-by-mastorrencito","status":"publish","type":"post","link":"https:\/\/casaruralconperrosgirona.com\/es\/el-dia-que-mori-by-mastorrencito\/","title":{"rendered":"El d\u00eda que mor\u00ed by MasTorrencito"},"content":{"rendered":"\n<p>No hace tanto de esto, aunque todav\u00eda me estremezco al recordarlo. Todo empez\u00f3 como un d\u00eda cualquiera, uno de esos que prometen tranquilidad. Manuela y yo salimos de MasTorrencito rumbo al laguillo, nuestro rinc\u00f3n favorito. El d\u00eda que mor\u00ed by MasTorrencito<\/p>\n\n\n\n<p>Ella, con sus 16 a\u00f1azos, segu\u00eda teniendo esa vitalidad que s\u00f3lo los Golden Retriever parecen mantener, mientras yo\u2026 bueno, digamos que mi motor ya estaba algo oxidado.<\/p>\n\n\n\n<p>\u2014\u00bfOtro pase\u00edto, eh? \u2014le dije mientras intentaba atarme las botas, ya con el primer sudor de la jornada.<br>Manuela me miraba desde la puerta, con la correa en la boca y esa expresi\u00f3n de paciencia mezclada con \u201c\u00bfPor qu\u00e9 tardas tanto?\u201d. Si pudiera hablar, estoy seguro de que habr\u00eda dicho:<br>\u2014\u00bfVamos ya o planeas hacerte viejo ah\u00ed sentado?<\/p>\n\n\n<figure class=\"wp-block-post-featured-image\"><img fetchpriority=\"high\" decoding=\"async\" width=\"1200\" height=\"1200\" src=\"https:\/\/casaruralconperrosgirona.com\/wp-content\/uploads\/2025\/01\/manuela_mastorrencito.jpg\" class=\"attachment-post-thumbnail size-post-thumbnail wp-post-image\" alt=\"El d\u00eda que mor\u00ed by MasTorrencito\" style=\"object-fit:cover;\" srcset=\"https:\/\/casaruralconperrosgirona.com\/wp-content\/uploads\/2025\/01\/manuela_mastorrencito.jpg 1200w, https:\/\/casaruralconperrosgirona.com\/wp-content\/uploads\/2025\/01\/manuela_mastorrencito-300x300.jpg 300w, https:\/\/casaruralconperrosgirona.com\/wp-content\/uploads\/2025\/01\/manuela_mastorrencito-1024x1024.jpg 1024w, https:\/\/casaruralconperrosgirona.com\/wp-content\/uploads\/2025\/01\/manuela_mastorrencito-150x150.jpg 150w, https:\/\/casaruralconperrosgirona.com\/wp-content\/uploads\/2025\/01\/manuela_mastorrencito-768x768.jpg 768w\" sizes=\"(max-width: 1200px) 100vw, 1200px\" \/><\/figure>\n\n\n<p>Arrancamos el paseo por el sendero que sal\u00eda del pueblo. El aire ol\u00eda a tierra h\u00fameda y romero; un perfume que siempre me hac\u00eda sentir en casa. El sol comenzaba a subir, calentando suavemente el camino. Manuela, como siempre, iba un paso adelante, olfateando cada piedra, cada rama, como si todo el mundo dependiera de su meticulosa inspecci\u00f3n.<\/p>\n\n\n\n<p>\u2014\u00a1Manuela! \u00bfEs necesario analizar cada matojo?<br>Ella se gir\u00f3 un momento, me mir\u00f3, y sigui\u00f3 a lo suyo.<\/p>\n\n\n\n<p>El trayecto era el de siempre, pero hab\u00eda algo extra\u00f1o ese d\u00eda. Todo estaba demasiado silencioso. Los p\u00e1jaros, que sol\u00edan acompa\u00f1arnos con su alegre bullicio, parec\u00edan haberse tomado el d\u00eda libre. Incluso el viento, que sol\u00eda jugar entre los \u00e1rboles, estaba ausente. Yo sent\u00eda un leve peso en el pecho, pero lo atribu\u00ed al calor o al caf\u00e9 que hab\u00eda tomado con demasiada prisa.<\/p>\n\n\n\n<p>\u2014Uf\u2026 creo que estoy fuera de forma \u2014murmur\u00e9, deteni\u00e9ndome un momento para recuperar el aliento.<br>Manuela, como si entendiera, se sent\u00f3 junto a m\u00ed, pero no sin lanzar esa mirada que dec\u00eda:<br>\u2014\u00bfEn forma? \u00a1Si nunca la tuviste!<\/p>\n\n\n\n<p>Seguimos caminando, aunque mi paso era cada vez m\u00e1s lento. El laguillo ya no deb\u00eda estar muy lejos, pero ese peso en el pecho empez\u00f3 a intensificarse. Intent\u00e9 ignorarlo, concentr\u00e1ndome en el sonido de mis botas sobre el suelo, pero de repente, un tir\u00f3n m\u00e1s fuerte me oblig\u00f3 a detenerme.<\/p>\n\n\n\n<p>\u2014Manuela\u2026 espera\u2026 creo que algo no est\u00e1 bien.<br>Ella se gir\u00f3, ladeando la cabeza, sus orejas cayendo hacia un lado como si intentara resolver un acertijo complicado. Se acerc\u00f3 a m\u00ed y me olfate\u00f3 el pantal\u00f3n.<br>\u2014Hombre, no me asustes. Si te desplomas aqu\u00ed, \u00bfqu\u00e9 hago yo?<\/p>\n\n\n\n<p>Intent\u00e9 re\u00edrme de su \u201ccomentario\u201d, pero no sali\u00f3 m\u00e1s que un d\u00e9bil jadeo. Decid\u00ed sentarme bajo un \u00e1rbol cercano, con la esperanza de que el malestar pasara. Manuela se tumb\u00f3 a mi lado, aunque no dejaba de observarme. Su respiraci\u00f3n pausada y tranquila era un contraste con la m\u00eda, que parec\u00eda la de un fuelle mal calibrado.<\/p>\n\n\n\n<p>Y entonces ocurri\u00f3. Sent\u00ed un tir\u00f3n, no s\u00f3lo en el pecho, sino en todo el cuerpo. Como si alguien hubiera apagado un interruptor.Como si cuando estas poniendo un cable de luz se te juntan los dos y CHOOOFFFF&#8230; saltan los plomos&#8230; En un abrir y cerrar de ojos, all\u00ed estaba yo, flotando fuera de m\u00ed mismo, viendo mi propio cuerpo tirado bajo el \u00e1rbol.<\/p>\n\n\n\n<figure class=\"wp-block-image size-full\"><img decoding=\"async\" width=\"1024\" height=\"768\" src=\"https:\/\/casaruralconperrosgirona.com\/wp-content\/uploads\/2025\/01\/manuela_mastorrencito2.jpg\" alt=\"El d\u00eda que mor\u00ed by MasTorrencito\" class=\"wp-image-3272\" srcset=\"https:\/\/casaruralconperrosgirona.com\/wp-content\/uploads\/2025\/01\/manuela_mastorrencito2.jpg 1024w, https:\/\/casaruralconperrosgirona.com\/wp-content\/uploads\/2025\/01\/manuela_mastorrencito2-300x225.jpg 300w, https:\/\/casaruralconperrosgirona.com\/wp-content\/uploads\/2025\/01\/manuela_mastorrencito2-768x576.jpg 768w\" sizes=\"(max-width: 1024px) 100vw, 1024px\" \/><figcaption class=\"wp-element-caption\">El d\u00eda que mor\u00ed by MasTorrencito<\/figcaption><\/figure>\n\n\n\n<p>\u2014\u00a1Anda! \u00a1Pero si me he muerto! \u2014exclam\u00e9, aunque no s\u00e9 si fue en voz alta o s\u00f3lo en mi mente.<\/p>\n\n\n\n<p>Manuela levant\u00f3 la cabeza y se me qued\u00f3 mirando. Y no, no miraba mi cuerpo, sino directamente a m\u00ed, al \u201cyo\u201d flotante.<\/p>\n\n\n\n<p>\u2014\u00bfVes lo que pasa por no escucharme? Siempre te digo que no te esfuerces tanto, pero no, t\u00fa siempre con tus paseos \u00e9picos.<br>\u2014\u00a1Manuela! \u00bfMe puedes escuchar?<br>\u2014Claro que te escucho, siempre te escucho. Otra cosa es que me hagas caso.<\/p>\n\n\n\n<p>No pod\u00eda creerlo. Mi perra no s\u00f3lo entend\u00eda cada palabra, \u00a1sino que ahora habl\u00e1bamos!<br>\u2014\u00bfY ahora qu\u00e9 hago? \u00a1Estoy muerto!<br>\u2014Pues hombre, te dir\u00eda que te relajes, pero tampoco podemos quedarnos aqu\u00ed. \u00bfQu\u00e9 va a pensar la gente si encuentran a un tipo muerto en medio del sendero?<\/p>\n\n\n\n<p>\u2014\u00bfQu\u00e9 sugieres? \u2014le pregunt\u00e9, desesperado.<br>Manuela se levant\u00f3, sacudi\u00e9ndose un poco, y se\u00f1al\u00f3 con la cabeza hacia el camino.<br>\u2014Al laguillo. Hay que llegar all\u00ed. Estoy segura de que un buen chapuz\u00f3n lo arregla todo. Siempre lo hace.<br>\u2014\u00bfChapuz\u00f3n? \u00bfEst\u00e1s loca? \u00a1Estoy flotando!<br>\u2014\u00bfY tienes una idea mejor? Vamos, mu\u00e9vete. O flota, lo que sea que hagas ahora.<\/p>\n\n\n\n<p>Resignado, la segu\u00ed hasta el laguillo. El paisaje parec\u00eda diferente desde mi nueva perspectiva. Los colores eran m\u00e1s vivos, los sonidos m\u00e1s n\u00edtidos. Pero mi mente estaba demasiado ocupada pensando en c\u00f3mo volver a mi cuerpo para disfrutarlo.<\/p>\n\n\n\n<p>Cuando llegamos, Manuela corri\u00f3 hasta la orilla y ladr\u00f3, mirando al agua cristalina.<br>\u2014Venga, m\u00e9tete. Esto no es un spa, pero para ti bastar\u00e1.<br>\u2014\u00bfY si no funciona?<br>\u2014Entonces al menos habr\u00e1s hecho algo divertido por una vez en tu vida. Vamos, \u00a1salta!<\/p>\n\n\n\n<p>Sin m\u00e1s opciones, cerr\u00e9 los ojos (o lo que fuera que ten\u00eda ahora) y me lanc\u00e9 al agua. Sent\u00ed una sacudida, como si el universo entero me diera una bofetada, y de repente, estaba de vuelta en mi cuerpo, tirado en la orilla y empapado hasta los huesos. Manuela me miraba, sacudi\u00e9ndose el agua como si nada hubiera pasado.<\/p>\n\n\n\n<p>\u2014\u00a1Ostras\u2026 estoy aqu\u00ed!<br>\u2014\u00bfY d\u00f3nde vas a estar? \u00bfAll\u00ed? Ni muri\u00e9ndote eres normal.<br>\u2014No te pases, Manuelita\u2026<\/p>\n\n\n\n<p>De pronto, a lo lejos, vi que se acercaba un tractor. Ser\u00eda alguno de mis vecinos. Manuela sali\u00f3 disparada, corriendo como si fuera una cachorra. No s\u00e9 c\u00f3mo lo hizo, pero lleg\u00f3 hasta el conductor, le ladr\u00f3 y, no s\u00e9 si fue suerte o milagro, \u00a1consigui\u00f3 que me ayudara!<\/p>\n\n\n\n<p>Lo siguiente que recuerdo es despertar en el CAP de B\u00e1scara, rodeado de cables y m\u00e1quinas. Y all\u00ed estaba ella, mi Manuela, d\u00e1ndome leng\u00fcetazos en la mano.<\/p>\n\n\n\n<p>\u2014Bienvenido al mundo de los vivos, Miguel \u2014me dijo la doctora.<br>\u2014\u00a1Ostis! \u00a1Qu\u00e9 mal lo he pasado! \u00bfQu\u00e9 ha sucedido?<br>\u2014Te ha dado un infarto. Esta rubia de cuatro patas te ha salvado la vida. No s\u00f3lo te trajo Fonsu, sino que no se separ\u00f3 de ti ni un segundo. La hemos dejado entrar porque, si no, mord\u00eda.<\/p>\n\n\n\n<p>Mir\u00e9 a Manuela, con l\u00e1grimas en los ojos, y le acarici\u00e9 la cabeza.<br>\u2014Es que Manuela es mucha Manu\u2026 \u00bfverdad, mi ni\u00f1a?<\/p>\n\n\n\n<p>Y as\u00ed fue c\u00f3mo mi fiel compa\u00f1era me salv\u00f3 la vida. Si algo aprend\u00ed aquel d\u00eda, es que no hay nada mejor en esta vida que tener a alguien que te quiera\u2026 ya sea con palabras, o con ladridos.<\/p>\n\n\n\n<hr class=\"wp-block-separator has-alpha-channel-opacity\"\/>\n\n\n\n<blockquote class=\"wp-block-quote is-layout-flow wp-block-quote-is-layout-flow\">\n<p>Desde MasTorrencito te deseamos un buen d\u00eda y que tus perros te acompa\u00f1en!!!!<\/p>\n<\/blockquote>\n\n\n\n<p>\u2014\u2013<br>Si quieres, puede ver nuestros&nbsp;<strong>bonos para fines de semana, bonos jubilados<\/strong>&nbsp;, a un precio incre\u00edble..entra en&nbsp;<a href=\"https:\/\/www.mastorrencito.com\/\">www.mastorrencito.com<\/a>&nbsp;o si quieres podeis leer m\u00e1s historia y an\u00e9cdotas que nos han pasado en Mas Torrencito\u2026 Haz click&nbsp;<a href=\"https:\/\/casaruralconperrosgirona.com\/es\/\">aqu\u00ed<\/a><\/p>\n","protected":false},"excerpt":{"rendered":"<p>No hace tanto de esto, aunque todav&iacute;a me estremezco al recordarlo. Todo empez&oacute; como un d&iacute;a cualquiera, uno de esos que prometen tranquilidad. Manuela y yo salimos de MasTorrencito rumbo&#8230;<\/p>\n","protected":false},"author":1,"featured_media":3275,"comment_status":"open","ping_status":"closed","sticky":false,"template":"","format":"standard","meta":{"_kad_post_transparent":"","_kad_post_title":"","_kad_post_layout":"","_kad_post_sidebar_id":"","_kad_post_content_style":"","_kad_post_vertical_padding":"","_kad_post_feature":"","_kad_post_feature_position":"","_kad_post_header":false,"_kad_post_footer":false,"_kad_post_classname":"","footnotes":""},"categories":[28],"tags":[],"class_list":["post-3290","post","type-post","status-publish","format-standard","has-post-thumbnail","hentry","category-historias-de-mastorrencito"],"yoast_head":"<!-- This site is optimized with the Yoast SEO plugin v27.5 - https:\/\/yoast.com\/product\/yoast-seo-wordpress\/ -->\n<title>El d\u00eda que mor\u00ed by MasTorrencito - Casa Rural con Perros Girona<\/title>\n<meta name=\"description\" content=\"Y es que hay veces que hay que resetearse para entender mejor la vida. El d\u00eda que mor\u00ed by MasTorrencito Turisme Rural con perros\" \/>\n<meta name=\"robots\" content=\"index, follow, max-snippet:-1, max-image-preview:large, max-video-preview:-1\" \/>\n<link rel=\"canonical\" href=\"https:\/\/casaruralconperrosgirona.com\/es\/el-dia-que-mori-by-mastorrencito\/\" \/>\n<meta property=\"og:locale\" content=\"es_ES\" \/>\n<meta property=\"og:type\" content=\"article\" \/>\n<meta property=\"og:title\" content=\"El d\u00eda que mor\u00ed by MasTorrencito - Casa Rural con Perros Girona\" \/>\n<meta property=\"og:description\" content=\"Y es que hay veces que hay que resetearse para entender mejor la vida. El d\u00eda que mor\u00ed by MasTorrencito Turisme Rural con perros\" \/>\n<meta property=\"og:url\" content=\"https:\/\/casaruralconperrosgirona.com\/es\/el-dia-que-mori-by-mastorrencito\/\" \/>\n<meta property=\"og:site_name\" content=\"Casa Rural con Perros Girona\" \/>\n<meta property=\"article:published_time\" content=\"2025-01-22T04:42:04+00:00\" \/>\n<meta property=\"article:modified_time\" content=\"2025-01-22T04:50:24+00:00\" \/>\n<meta property=\"og:image\" content=\"https:\/\/casaruralconperrosgirona.com\/wp-content\/uploads\/2025\/01\/manuela_mastorrencito.jpg\" \/>\n\t<meta property=\"og:image:width\" content=\"1200\" \/>\n\t<meta property=\"og:image:height\" content=\"1200\" \/>\n\t<meta property=\"og:image:type\" content=\"image\/jpeg\" \/>\n<meta name=\"author\" content=\"Mas Torrencito\" \/>\n<meta name=\"twitter:card\" content=\"summary_large_image\" \/>\n<meta name=\"twitter:label1\" content=\"Escrito por\" \/>\n\t<meta name=\"twitter:data1\" content=\"Mas Torrencito\" \/>\n\t<meta name=\"twitter:label2\" content=\"Tiempo de lectura\" \/>\n\t<meta name=\"twitter:data2\" content=\"7 minutos\" \/>\n<script type=\"application\/ld+json\" class=\"yoast-schema-graph\">{\"@context\":\"https:\\\/\\\/schema.org\",\"@graph\":[{\"@type\":\"Article\",\"@id\":\"https:\\\/\\\/casaruralconperrosgirona.com\\\/es\\\/el-dia-que-mori-by-mastorrencito\\\/#article\",\"isPartOf\":{\"@id\":\"https:\\\/\\\/casaruralconperrosgirona.com\\\/es\\\/el-dia-que-mori-by-mastorrencito\\\/\"},\"author\":{\"name\":\"Mas Torrencito\",\"@id\":\"https:\\\/\\\/casaruralconperrosgirona.com\\\/es\\\/#\\\/schema\\\/person\\\/5ebcad21205af2dce94ba4d6463d4830\"},\"headline\":\"El d\u00eda que mor\u00ed by MasTorrencito\",\"datePublished\":\"2025-01-22T04:42:04+00:00\",\"dateModified\":\"2025-01-22T04:50:24+00:00\",\"mainEntityOfPage\":{\"@id\":\"https:\\\/\\\/casaruralconperrosgirona.com\\\/es\\\/el-dia-que-mori-by-mastorrencito\\\/\"},\"wordCount\":1219,\"commentCount\":1,\"publisher\":{\"@id\":\"https:\\\/\\\/casaruralconperrosgirona.com\\\/es\\\/#organization\"},\"image\":{\"@id\":\"https:\\\/\\\/casaruralconperrosgirona.com\\\/es\\\/el-dia-que-mori-by-mastorrencito\\\/#primaryimage\"},\"thumbnailUrl\":\"https:\\\/\\\/casaruralconperrosgirona.com\\\/wp-content\\\/uploads\\\/2025\\\/01\\\/manuela_mastorrencito.jpg\",\"articleSection\":[\"Historias de Mastorrencito\"],\"inLanguage\":\"es\",\"potentialAction\":[{\"@type\":\"CommentAction\",\"name\":\"Comment\",\"target\":[\"https:\\\/\\\/casaruralconperrosgirona.com\\\/es\\\/el-dia-que-mori-by-mastorrencito\\\/#respond\"]}]},{\"@type\":\"WebPage\",\"@id\":\"https:\\\/\\\/casaruralconperrosgirona.com\\\/es\\\/el-dia-que-mori-by-mastorrencito\\\/\",\"url\":\"https:\\\/\\\/casaruralconperrosgirona.com\\\/es\\\/el-dia-que-mori-by-mastorrencito\\\/\",\"name\":\"El d\u00eda que mor\u00ed by MasTorrencito - Casa Rural con Perros Girona\",\"isPartOf\":{\"@id\":\"https:\\\/\\\/casaruralconperrosgirona.com\\\/es\\\/#website\"},\"primaryImageOfPage\":{\"@id\":\"https:\\\/\\\/casaruralconperrosgirona.com\\\/es\\\/el-dia-que-mori-by-mastorrencito\\\/#primaryimage\"},\"image\":{\"@id\":\"https:\\\/\\\/casaruralconperrosgirona.com\\\/es\\\/el-dia-que-mori-by-mastorrencito\\\/#primaryimage\"},\"thumbnailUrl\":\"https:\\\/\\\/casaruralconperrosgirona.com\\\/wp-content\\\/uploads\\\/2025\\\/01\\\/manuela_mastorrencito.jpg\",\"datePublished\":\"2025-01-22T04:42:04+00:00\",\"dateModified\":\"2025-01-22T04:50:24+00:00\",\"description\":\"Y es que hay veces que hay que resetearse para entender mejor la vida. El d\u00eda que mor\u00ed by MasTorrencito Turisme Rural con perros\",\"breadcrumb\":{\"@id\":\"https:\\\/\\\/casaruralconperrosgirona.com\\\/es\\\/el-dia-que-mori-by-mastorrencito\\\/#breadcrumb\"},\"inLanguage\":\"es\",\"potentialAction\":[{\"@type\":\"ReadAction\",\"target\":[\"https:\\\/\\\/casaruralconperrosgirona.com\\\/es\\\/el-dia-que-mori-by-mastorrencito\\\/\"]}]},{\"@type\":\"ImageObject\",\"inLanguage\":\"es\",\"@id\":\"https:\\\/\\\/casaruralconperrosgirona.com\\\/es\\\/el-dia-que-mori-by-mastorrencito\\\/#primaryimage\",\"url\":\"https:\\\/\\\/casaruralconperrosgirona.com\\\/wp-content\\\/uploads\\\/2025\\\/01\\\/manuela_mastorrencito.jpg\",\"contentUrl\":\"https:\\\/\\\/casaruralconperrosgirona.com\\\/wp-content\\\/uploads\\\/2025\\\/01\\\/manuela_mastorrencito.jpg\",\"width\":1200,\"height\":1200,\"caption\":\"El d\u00eda que mor\u00ed by MasTorrencito\"},{\"@type\":\"BreadcrumbList\",\"@id\":\"https:\\\/\\\/casaruralconperrosgirona.com\\\/es\\\/el-dia-que-mori-by-mastorrencito\\\/#breadcrumb\",\"itemListElement\":[{\"@type\":\"ListItem\",\"position\":1,\"name\":\"Portada\",\"item\":\"https:\\\/\\\/casaruralconperrosgirona.com\\\/es\\\/\"},{\"@type\":\"ListItem\",\"position\":2,\"name\":\"El d\u00eda que mor\u00ed by MasTorrencito\"}]},{\"@type\":\"WebSite\",\"@id\":\"https:\\\/\\\/casaruralconperrosgirona.com\\\/es\\\/#website\",\"url\":\"https:\\\/\\\/casaruralconperrosgirona.com\\\/es\\\/\",\"name\":\"Casa Rural con Perros Girona\",\"description\":\"Turisme Rural amb Gossos Girona\",\"publisher\":{\"@id\":\"https:\\\/\\\/casaruralconperrosgirona.com\\\/es\\\/#organization\"},\"potentialAction\":[{\"@type\":\"SearchAction\",\"target\":{\"@type\":\"EntryPoint\",\"urlTemplate\":\"https:\\\/\\\/casaruralconperrosgirona.com\\\/es\\\/?s={search_term_string}\"},\"query-input\":{\"@type\":\"PropertyValueSpecification\",\"valueRequired\":true,\"valueName\":\"search_term_string\"}}],\"inLanguage\":\"es\"},{\"@type\":\"Organization\",\"@id\":\"https:\\\/\\\/casaruralconperrosgirona.com\\\/es\\\/#organization\",\"name\":\"Casa Rural con Perros Girona\",\"url\":\"https:\\\/\\\/casaruralconperrosgirona.com\\\/es\\\/\",\"logo\":{\"@type\":\"ImageObject\",\"inLanguage\":\"es\",\"@id\":\"https:\\\/\\\/casaruralconperrosgirona.com\\\/es\\\/#\\\/schema\\\/logo\\\/image\\\/\",\"url\":\"https:\\\/\\\/casaruralconperrosgirona.com\\\/wp-content\\\/uploads\\\/2023\\\/11\\\/logo.webp\",\"contentUrl\":\"https:\\\/\\\/casaruralconperrosgirona.com\\\/wp-content\\\/uploads\\\/2023\\\/11\\\/logo.webp\",\"width\":161,\"height\":54,\"caption\":\"Casa Rural con Perros Girona\"},\"image\":{\"@id\":\"https:\\\/\\\/casaruralconperrosgirona.com\\\/es\\\/#\\\/schema\\\/logo\\\/image\\\/\"}},{\"@type\":\"Person\",\"@id\":\"https:\\\/\\\/casaruralconperrosgirona.com\\\/es\\\/#\\\/schema\\\/person\\\/5ebcad21205af2dce94ba4d6463d4830\",\"name\":\"Mas Torrencito\",\"image\":{\"@type\":\"ImageObject\",\"inLanguage\":\"es\",\"@id\":\"https:\\\/\\\/secure.gravatar.com\\\/avatar\\\/b7fb4cff0b30bb664a3fe8271f60c493235311eb1bb917d43fd79a61ae8e99f8?s=96&d=blank&r=g\",\"url\":\"https:\\\/\\\/secure.gravatar.com\\\/avatar\\\/b7fb4cff0b30bb664a3fe8271f60c493235311eb1bb917d43fd79a61ae8e99f8?s=96&d=blank&r=g\",\"contentUrl\":\"https:\\\/\\\/secure.gravatar.com\\\/avatar\\\/b7fb4cff0b30bb664a3fe8271f60c493235311eb1bb917d43fd79a61ae8e99f8?s=96&d=blank&r=g\",\"caption\":\"Mas Torrencito\"},\"sameAs\":[\"https:\\\/\\\/casaruralconperrosgirona.com\"]}]}<\/script>\n<!-- \/ Yoast SEO plugin. -->","yoast_head_json":{"title":"El d\u00eda que mor\u00ed by MasTorrencito - Casa Rural con Perros Girona","description":"Y es que hay veces que hay que resetearse para entender mejor la vida. El d\u00eda que mor\u00ed by MasTorrencito Turisme Rural con perros","robots":{"index":"index","follow":"follow","max-snippet":"max-snippet:-1","max-image-preview":"max-image-preview:large","max-video-preview":"max-video-preview:-1"},"canonical":"https:\/\/casaruralconperrosgirona.com\/es\/el-dia-que-mori-by-mastorrencito\/","og_locale":"es_ES","og_type":"article","og_title":"El d\u00eda que mor\u00ed by MasTorrencito - Casa Rural con Perros Girona","og_description":"Y es que hay veces que hay que resetearse para entender mejor la vida. El d\u00eda que mor\u00ed by MasTorrencito Turisme Rural con perros","og_url":"https:\/\/casaruralconperrosgirona.com\/es\/el-dia-que-mori-by-mastorrencito\/","og_site_name":"Casa Rural con Perros Girona","article_published_time":"2025-01-22T04:42:04+00:00","article_modified_time":"2025-01-22T04:50:24+00:00","og_image":[{"width":1200,"height":1200,"url":"https:\/\/casaruralconperrosgirona.com\/wp-content\/uploads\/2025\/01\/manuela_mastorrencito.jpg","type":"image\/jpeg"}],"author":"Mas Torrencito","twitter_card":"summary_large_image","twitter_misc":{"Escrito por":"Mas Torrencito","Tiempo de lectura":"7 minutos"},"schema":{"@context":"https:\/\/schema.org","@graph":[{"@type":"Article","@id":"https:\/\/casaruralconperrosgirona.com\/es\/el-dia-que-mori-by-mastorrencito\/#article","isPartOf":{"@id":"https:\/\/casaruralconperrosgirona.com\/es\/el-dia-que-mori-by-mastorrencito\/"},"author":{"name":"Mas Torrencito","@id":"https:\/\/casaruralconperrosgirona.com\/es\/#\/schema\/person\/5ebcad21205af2dce94ba4d6463d4830"},"headline":"El d\u00eda que mor\u00ed by MasTorrencito","datePublished":"2025-01-22T04:42:04+00:00","dateModified":"2025-01-22T04:50:24+00:00","mainEntityOfPage":{"@id":"https:\/\/casaruralconperrosgirona.com\/es\/el-dia-que-mori-by-mastorrencito\/"},"wordCount":1219,"commentCount":1,"publisher":{"@id":"https:\/\/casaruralconperrosgirona.com\/es\/#organization"},"image":{"@id":"https:\/\/casaruralconperrosgirona.com\/es\/el-dia-que-mori-by-mastorrencito\/#primaryimage"},"thumbnailUrl":"https:\/\/casaruralconperrosgirona.com\/wp-content\/uploads\/2025\/01\/manuela_mastorrencito.jpg","articleSection":["Historias de Mastorrencito"],"inLanguage":"es","potentialAction":[{"@type":"CommentAction","name":"Comment","target":["https:\/\/casaruralconperrosgirona.com\/es\/el-dia-que-mori-by-mastorrencito\/#respond"]}]},{"@type":"WebPage","@id":"https:\/\/casaruralconperrosgirona.com\/es\/el-dia-que-mori-by-mastorrencito\/","url":"https:\/\/casaruralconperrosgirona.com\/es\/el-dia-que-mori-by-mastorrencito\/","name":"El d\u00eda que mor\u00ed by MasTorrencito - Casa Rural con Perros Girona","isPartOf":{"@id":"https:\/\/casaruralconperrosgirona.com\/es\/#website"},"primaryImageOfPage":{"@id":"https:\/\/casaruralconperrosgirona.com\/es\/el-dia-que-mori-by-mastorrencito\/#primaryimage"},"image":{"@id":"https:\/\/casaruralconperrosgirona.com\/es\/el-dia-que-mori-by-mastorrencito\/#primaryimage"},"thumbnailUrl":"https:\/\/casaruralconperrosgirona.com\/wp-content\/uploads\/2025\/01\/manuela_mastorrencito.jpg","datePublished":"2025-01-22T04:42:04+00:00","dateModified":"2025-01-22T04:50:24+00:00","description":"Y es que hay veces que hay que resetearse para entender mejor la vida. El d\u00eda que mor\u00ed by MasTorrencito Turisme Rural con perros","breadcrumb":{"@id":"https:\/\/casaruralconperrosgirona.com\/es\/el-dia-que-mori-by-mastorrencito\/#breadcrumb"},"inLanguage":"es","potentialAction":[{"@type":"ReadAction","target":["https:\/\/casaruralconperrosgirona.com\/es\/el-dia-que-mori-by-mastorrencito\/"]}]},{"@type":"ImageObject","inLanguage":"es","@id":"https:\/\/casaruralconperrosgirona.com\/es\/el-dia-que-mori-by-mastorrencito\/#primaryimage","url":"https:\/\/casaruralconperrosgirona.com\/wp-content\/uploads\/2025\/01\/manuela_mastorrencito.jpg","contentUrl":"https:\/\/casaruralconperrosgirona.com\/wp-content\/uploads\/2025\/01\/manuela_mastorrencito.jpg","width":1200,"height":1200,"caption":"El d\u00eda que mor\u00ed by MasTorrencito"},{"@type":"BreadcrumbList","@id":"https:\/\/casaruralconperrosgirona.com\/es\/el-dia-que-mori-by-mastorrencito\/#breadcrumb","itemListElement":[{"@type":"ListItem","position":1,"name":"Portada","item":"https:\/\/casaruralconperrosgirona.com\/es\/"},{"@type":"ListItem","position":2,"name":"El d\u00eda que mor\u00ed by MasTorrencito"}]},{"@type":"WebSite","@id":"https:\/\/casaruralconperrosgirona.com\/es\/#website","url":"https:\/\/casaruralconperrosgirona.com\/es\/","name":"Casa Rural con Perros Girona","description":"Turisme Rural amb Gossos Girona","publisher":{"@id":"https:\/\/casaruralconperrosgirona.com\/es\/#organization"},"potentialAction":[{"@type":"SearchAction","target":{"@type":"EntryPoint","urlTemplate":"https:\/\/casaruralconperrosgirona.com\/es\/?s={search_term_string}"},"query-input":{"@type":"PropertyValueSpecification","valueRequired":true,"valueName":"search_term_string"}}],"inLanguage":"es"},{"@type":"Organization","@id":"https:\/\/casaruralconperrosgirona.com\/es\/#organization","name":"Casa Rural con Perros Girona","url":"https:\/\/casaruralconperrosgirona.com\/es\/","logo":{"@type":"ImageObject","inLanguage":"es","@id":"https:\/\/casaruralconperrosgirona.com\/es\/#\/schema\/logo\/image\/","url":"https:\/\/casaruralconperrosgirona.com\/wp-content\/uploads\/2023\/11\/logo.webp","contentUrl":"https:\/\/casaruralconperrosgirona.com\/wp-content\/uploads\/2023\/11\/logo.webp","width":161,"height":54,"caption":"Casa Rural con Perros Girona"},"image":{"@id":"https:\/\/casaruralconperrosgirona.com\/es\/#\/schema\/logo\/image\/"}},{"@type":"Person","@id":"https:\/\/casaruralconperrosgirona.com\/es\/#\/schema\/person\/5ebcad21205af2dce94ba4d6463d4830","name":"Mas Torrencito","image":{"@type":"ImageObject","inLanguage":"es","@id":"https:\/\/secure.gravatar.com\/avatar\/b7fb4cff0b30bb664a3fe8271f60c493235311eb1bb917d43fd79a61ae8e99f8?s=96&d=blank&r=g","url":"https:\/\/secure.gravatar.com\/avatar\/b7fb4cff0b30bb664a3fe8271f60c493235311eb1bb917d43fd79a61ae8e99f8?s=96&d=blank&r=g","contentUrl":"https:\/\/secure.gravatar.com\/avatar\/b7fb4cff0b30bb664a3fe8271f60c493235311eb1bb917d43fd79a61ae8e99f8?s=96&d=blank&r=g","caption":"Mas Torrencito"},"sameAs":["https:\/\/casaruralconperrosgirona.com"]}]}},"jetpack_featured_media_url":"https:\/\/casaruralconperrosgirona.com\/wp-content\/uploads\/2025\/01\/manuela_mastorrencito.jpg","_links":{"self":[{"href":"https:\/\/casaruralconperrosgirona.com\/es\/wp-json\/wp\/v2\/posts\/3290","targetHints":{"allow":["GET"]}}],"collection":[{"href":"https:\/\/casaruralconperrosgirona.com\/es\/wp-json\/wp\/v2\/posts"}],"about":[{"href":"https:\/\/casaruralconperrosgirona.com\/es\/wp-json\/wp\/v2\/types\/post"}],"author":[{"embeddable":true,"href":"https:\/\/casaruralconperrosgirona.com\/es\/wp-json\/wp\/v2\/users\/1"}],"replies":[{"embeddable":true,"href":"https:\/\/casaruralconperrosgirona.com\/es\/wp-json\/wp\/v2\/comments?post=3290"}],"version-history":[{"count":0,"href":"https:\/\/casaruralconperrosgirona.com\/es\/wp-json\/wp\/v2\/posts\/3290\/revisions"}],"wp:featuredmedia":[{"embeddable":true,"href":"https:\/\/casaruralconperrosgirona.com\/es\/wp-json\/wp\/v2\/media\/3275"}],"wp:attachment":[{"href":"https:\/\/casaruralconperrosgirona.com\/es\/wp-json\/wp\/v2\/media?parent=3290"}],"wp:term":[{"taxonomy":"category","embeddable":true,"href":"https:\/\/casaruralconperrosgirona.com\/es\/wp-json\/wp\/v2\/categories?post=3290"},{"taxonomy":"post_tag","embeddable":true,"href":"https:\/\/casaruralconperrosgirona.com\/es\/wp-json\/wp\/v2\/tags?post=3290"}],"curies":[{"name":"wp","href":"https:\/\/api.w.org\/{rel}","templated":true}]}}