{"id":3679,"date":"2025-02-28T05:50:31","date_gmt":"2025-02-28T05:50:31","guid":{"rendered":"https:\/\/casaruralconperrosgirona.com\/sin-gos-pero-con-cara-de-bulldog-cabreado-%f0%9f%90%b6-%f0%9f%98%a4\/"},"modified":"2025-02-28T06:02:58","modified_gmt":"2025-02-28T06:02:58","slug":"sin-gos-pero-con-cara-de-bulldog-cabreado-%f0%9f%90%b6-%f0%9f%98%a4","status":"publish","type":"post","link":"https:\/\/casaruralconperrosgirona.com\/es\/sin-gos-pero-con-cara-de-bulldog-cabreado-%f0%9f%90%b6-%f0%9f%98%a4\/","title":{"rendered":"Sin perro, pero con cara de bulldog cabreado \ud83d\udc36 \ud83d\ude24"},"content":{"rendered":"\n<p>Dicen que los perros se asemejan a sus due\u00f1os, pero estos holandeses que legaron ayer\u2026 \u00a1ni perro tra\u00edan! Sin embargo, sus caras bien podr\u00edan haber sido las de un bulldog ingl\u00e9s cabreado con el mundo. \ud83d\udc15 \ud83d\udca2  <\/p>\n\n\n\n<p>La historia comienza cuando aparecen en mi casa rural unos turistas con la misma expresi\u00f3n que tendr\u00eda alguien al enterarse de que su herencia consiste en un cactus y una factura de impuestos. \ud83c\udf35 \ud83d\udcb8 Desde el primer momento, su energ\u00eda era de \u201codio este sitio, odio este comido, odio la vida\u201d \ud83d\ude21 . Y eso que la casa la hab\u00edan elegido ellos, que aqu\u00ed nadie les puso una pistola en la sien. \ud83d\udd2b \ud83d\ude05   <\/p>\n\n\n\n<p>Para evitar sufrimientos innecesarios, las pregunt\u00e9 directamente si quer\u00edan marcharse. Es m\u00e1s, hasta les ofreci\u00f3 cancelar la reserva sin costas, pero no, que se quedaban. \ud83e\udd37\u200d\u2642\ufe0f As\u00ed que les ense\u00f1o la habitaci\u00f3n y, como era de esperar, tampoco las gust\u00f3. \ud83d\ude12 Segunda oportunidad de oro: \u00ab\u00bfSeguro que quieren quedarse? A lo mejor en otro sitio estar\u00eda m\u00e1s c\u00f3modo\u00bb. Pero no. Que s\u00ed, que se quedan. \ud83e\udd26\u200d\u2642\ufe0f      <\/p>\n\n\n\n<p>\u00bfY por qu\u00e9? Esto sigue siendo un misterio digno de Sherlock Holmes. \ud83d\udd75\ufe0f\u200d\u2642\ufe0f Porque, para ser sinceros, parec\u00eda que estaban ah\u00ed cumpliendo una condena. \u26d3\ufe0f   <\/p>\n\n\n\n<p>Total, los dejo instal\u00e1ndose y me voy al m\u00edo. Apenas pasan cinco minutos y\u2026 \ud83d\udcde \ud83d\udce2 RIIIIIIIIING. Me llaman. Bajo en el bar y resulta que no saben c\u00f3mo servirse una cerveza. \ud83c\udf7a \ud83e\udd14 Y no porque les faltan opciones, que ah\u00ed ten\u00edan una nevera con m\u00e1s de quince tipos diferentes de cerveza. Pero no, quer\u00edan cerveza de barril. \ud83c\udf7b Las cuento c\u00f3mo funciona, pero cuando miro, aquello parece la espuma de un jacuzzi de lujo. \ud83d\udec1 \ud83d\ude28 Las sirvo las cervezas para evitar una inundaci\u00f3n y me vuelvo a subir.       <\/p>\n\n\n\n<p>Tres minutos despu\u00e9s\u2026 \ud83d\udcde \ud83d\udce2 RIIIIIIING. \u00ab\u00bfPuedes bajar?\u00bb. Bajo. Ahora quieren vermut, pero no saben c\u00f3mo sacarlo del barril. \ud83c\udf77 \ud83e\udd37\u200d\u2642\ufe0f Las cuento pacientemente (modo zen activado \ud83e\uddd8\u200d\u2642\ufe0f ), \u200b\u200blas sirvo el vaso y, cuando ya est\u00e1 lleno, el hombre me dice que lo quiere con hielo y lim\u00f3n. \ud83c\udf4b \u2744\ufe0f El hielo est\u00e1 detr\u00e1s, se lo hab\u00eda dicho antes, pero el lim\u00f3n\u2026 pues no hay. Acto seguido, el tipo decide que, sin lim\u00f3n, ya no quiere. Maravilloso. \ud83e\udd26\u200d\u2642\ufe0f        <\/p>\n\n\n\n<p>Cuatro minutos m\u00e1s tarde\u2026 \ud83d\udcde \ud83d\udce2 RIIIIIIING. Otra vez. Bajo. \u201c\u00bfC\u00f3mo se calienta un plato de la nevera?\u201d. \ud83c\udf7d\ufe0f \ud83e\udd28 Mi paciencia ya estaba pendiente de un hilo, pero respiro hondo y explico el concepto revolucionario de meterlo en el microondas. \u2622\ufe0f Pero no, la cuesti\u00f3n clave no era calentar el plato, sino\u2026 \u201c\u00bfc\u00f3mo nos lo comemos?\u201d. Pues con la boca, \u00a1co\u00f1o! \ud83e\udd2c Pero no, las cuento con la amabilidad de una hosteler\u00eda de vuelo \u2708\ufe0f que hay mesas montadas donde pueden sentarse y disfrutar \u201ccomo las personas\u201d.       <\/p>\n\n\n<style>.kb-image3679_481f54-76 .kb-image-has-overlay:after{opacity:0.3;}<\/style>\n<figure class=\"wp-block-kadence-image kb-image3679_481f54-76 size-full\"><img fetchpriority=\"high\" decoding=\"async\" width=\"1024\" height=\"1024\" src=\"https:\/\/casaruralconperrosgirona.com\/wp-content\/uploads\/2025\/02\/los_bulldogs.jpg\" alt=\"cara de bulldog by MasTorrencito\" class=\"kb-img wp-image-3672\" srcset=\"https:\/\/casaruralconperrosgirona.com\/wp-content\/uploads\/2025\/02\/los_bulldogs.jpg 1024w, https:\/\/casaruralconperrosgirona.com\/wp-content\/uploads\/2025\/02\/los_bulldogs-300x300.jpg 300w, https:\/\/casaruralconperrosgirona.com\/wp-content\/uploads\/2025\/02\/los_bulldogs-150x150.jpg 150w, https:\/\/casaruralconperrosgirona.com\/wp-content\/uploads\/2025\/02\/los_bulldogs-768x768.jpg 768w\" sizes=\"(max-width: 1024px) 100vw, 1024px\" \/><figcaption>cara de bulldog by MasTorrencito<\/figcaption><\/figure>\n\n\n\n<p>Dos minutos despu\u00e9s\u2026 \ud83d\udcde \ud83d\udce2 \u00a1RIIIIING! Esta vez ya no contesto. Bajo directamente. Ahora el problema es que no saben c\u00f3mo usar el microondas. \ud83e\udd2f Y ojo, no es una nave espacial con 700 botonas t\u00e1ctiles, no, no. Es una ruedecita. \ud83d\udd04 UNA ruedecita que se gira. Simple. Pero ni as\u00ed.        <\/p>\n\n\n\n<p>\u201cAyyy, sooorry, sooorry\u2026\u201d \ud83d\ude44 \u2013 me dice el bulldog humano con una cara de desprecio como si yo tuviera la culpa de su incapacidad tecnol\u00f3gica. Pero a\u00fan no hemos terminado. <\/p>\n\n\n\n<p>Finalmente, suben a la habitaci\u00f3n y yo, ingenuo, pienso: \u00ab\u00a1Por fin un ratito de paz para planchar!\u00bb. \ud83d\udc55 \u2728 Error. \ud83d\udcde \ud83d\udce2 RIIIIING. \u00abHace calor en la habitaci\u00f3n\u00bb. \ud83c\udf21\ufe0f \ud83e\udd75 Las digo que cierren el radiador. \u00ab\u00bfC\u00f3mo?\u00bb. Subo y los encuentro tumbados en la pierna con gorritos de dormir como si fueran personajes de un cuento victoriano. \ud83c\udfa9 \ud83d\udecf\ufe0f Me acerco y cierro la v\u00e1lvula del radiador, que es igual que cualquier otra del mundo mundial. Se la se\u00f1alo. Cuento. Me bajo a la cocina.          <\/p>\n\n\n\n<p>Pero nooooo. \ud83d\udcde \ud83d\udce2 RIIIIING. Ahora la grifo gotea. \ud83d\udeb0 \ud83d\udca6 \u201c\u00bfLo han cerrado bien?\u201d, pregunto. \u00abS\u00ed\u00bb, me dicen. Vuelvo a subir. Lo del lavabo, efectivamente, estaba bien cerrado. Pero el de la ducha, abierto. \ud83d\udebf \ud83e\udd26\u200d\u2642\ufe0f        <\/p>\n\n\n\n<p>\u201cAyy, sooorry\u2026\u201d<\/p>\n\n\n\n<p>Justo cuando pienso que la noche va a terminar, el tel\u00e9fono vuelve a sonar. \ud83d\udcde Ya no s\u00e9 si contestar, si echarme por la ventana \ud83e\ude9f o si fugarme por el bosque y hacerme ermita\u00f1o. \ud83c\udf32 Pero con una paciencia digna de un monje tibetano, respondo. \u201c\u00bfS\u00ed?\u201d, digo con voz monocorde.   <\/p>\n\n\n\n<p>\u201cEscuchamos un ruido raro en la pared\u201d. \ud83d\ude33<\/p>\n\n\n\n<p>Ya cono la ceja en modo tico nervioso, subo otra vez. \u201c\u00bfQu\u00e9 tipo de ruido?\u201d, pregunto. Se\u00f1alan la pared. Me acerco. Me quedo en silencio. Y lo escucho. Un sonido sutil, un crujido casi imperceptible. Nada preocupante. Probablemente, el edificio acomod\u00e1ndose con el fr\u00edo de la noche. \u2744\ufe0f \ud83c\udfda\ufe0f Pero claro, no pod\u00eda decir eso sin parecer un loco m\u00edstico. As\u00ed que las miro y con toda la amabilidad fingida del mundo digo: \u00abEs normal, la madera cruje\u00bb.          <\/p>\n\n\n\n<p>\u201cAhhhh, sooorry\u2026\u201d<\/p>\n\n\n\n<p>Y as\u00ed, despu\u00e9s de sobrevivir a esta velada surrealista, me arrastro hasta mi habitaci\u00f3n, rezo para que no haya m\u00e1s llamadas y me tumbo en la pierna. \ud83d\udecc Pero justo cuando cierro los ojos\u2026 \ud83d\udcde \ud83d\udce2 RIIIIING. <\/p>\n\n\n\n<p>Ya fue demasiado&#8230;.<\/p>\n\n\n\n<blockquote class=\"wp-block-quote is-layout-flow wp-block-quote-is-layout-flow\">\n<p>Desde MasTorrencito te deseamos un buen d\u00eda y que tus perros te acompa\u00f1en!!!!<\/p>\n<\/blockquote>\n\n\n\n<p>\u2014\u2013<br> Si quieres, puede ver nuestros <strong>bonos para fines de semana, bonos jubilados<\/strong> , a un precio incre\u00edble..entra en <a href=\"https:\/\/www.mastorrencito.com\/\">www.mastorrencito.com<\/a> o si quieres podeis leer m\u00e1s historia y an\u00e9cdotas que nos han pasado en Mas Torrencito\u2026 Haz click <a href=\"https:\/\/casaruralconperrosgirona.com\/es\/\">aqu\u00ed<\/a><\/p>\n","protected":false},"excerpt":{"rendered":"<p>Dicen que los perros se asemejan a sus due&ntilde;os, pero estos holandeses que legaron ayer&hellip; &iexcl;ni perro tra&iacute;an! Sin embargo, sus caras bien podr&iacute;an haber sido las de un bulldog&#8230;<\/p>\n","protected":false},"author":1,"featured_media":3674,"comment_status":"open","ping_status":"closed","sticky":false,"template":"","format":"standard","meta":{"_kad_post_transparent":"","_kad_post_title":"","_kad_post_layout":"","_kad_post_sidebar_id":"","_kad_post_content_style":"","_kad_post_vertical_padding":"","_kad_post_feature":"","_kad_post_feature_position":"","_kad_post_header":false,"_kad_post_footer":false,"_kad_post_classname":"","footnotes":""},"categories":[28],"tags":[45,81,34,42,36],"class_list":["post-3679","post","type-post","status-publish","format-standard","has-post-thumbnail","hentry","category-historias-de-mastorrencito","tag-gironaconmascotas-es","tag-mastorrencito","tag-turismoconmascotas-es","tag-turismocostabrava","tag-tursmeconperros"],"yoast_head":"<!-- This site is optimized with the Yoast SEO plugin v27.4 - https:\/\/yoast.com\/product\/yoast-seo-wordpress\/ -->\n<title>Sin perro, pero con cara de bulldog cabreado \ud83d\udc36 \ud83d\ude24 - Casa Rural con Perros Girona<\/title>\n<meta name=\"description\" content=\"Y es que hay veces que los clientes ponen a prueba tu paciencia... menos mal que yo..... Sin perro, pero con cara de bulldog cabreado\" \/>\n<meta name=\"robots\" content=\"index, follow, max-snippet:-1, max-image-preview:large, max-video-preview:-1\" \/>\n<link rel=\"canonical\" href=\"https:\/\/casaruralconperrosgirona.com\/es\/sin-gos-pero-con-cara-de-bulldog-cabreado-%f0%9f%90%b6-%f0%9f%98%a4\/\" \/>\n<meta property=\"og:locale\" content=\"es_ES\" \/>\n<meta property=\"og:type\" content=\"article\" \/>\n<meta property=\"og:title\" content=\"Sin perro, pero con cara de bulldog cabreado \ud83d\udc36 \ud83d\ude24 - Casa Rural con Perros Girona\" \/>\n<meta property=\"og:description\" content=\"Y es que hay veces que los clientes ponen a prueba tu paciencia... menos mal que yo..... Sin perro, pero con cara de bulldog cabreado\" \/>\n<meta property=\"og:url\" content=\"https:\/\/casaruralconperrosgirona.com\/es\/sin-gos-pero-con-cara-de-bulldog-cabreado-%f0%9f%90%b6-%f0%9f%98%a4\/\" \/>\n<meta property=\"og:site_name\" content=\"Casa Rural con Perros Girona\" \/>\n<meta property=\"article:published_time\" content=\"2025-02-28T05:50:31+00:00\" \/>\n<meta property=\"article:modified_time\" content=\"2025-02-28T06:02:58+00:00\" \/>\n<meta property=\"og:image\" content=\"https:\/\/casaruralconperrosgirona.com\/wp-content\/uploads\/2025\/02\/los_bulldogs.jpg\" \/>\n\t<meta property=\"og:image:width\" content=\"1024\" \/>\n\t<meta property=\"og:image:height\" content=\"1024\" \/>\n\t<meta property=\"og:image:type\" content=\"image\/jpeg\" \/>\n<meta name=\"author\" content=\"Mas Torrencito\" \/>\n<meta name=\"twitter:card\" content=\"summary_large_image\" \/>\n<meta name=\"twitter:label1\" content=\"Escrito por\" \/>\n\t<meta name=\"twitter:data1\" content=\"Mas Torrencito\" \/>\n\t<meta name=\"twitter:label2\" content=\"Tiempo de lectura\" \/>\n\t<meta name=\"twitter:data2\" content=\"6 minutos\" \/>\n<script type=\"application\/ld+json\" class=\"yoast-schema-graph\">{\"@context\":\"https:\\\/\\\/schema.org\",\"@graph\":[{\"@type\":\"Article\",\"@id\":\"https:\\\/\\\/casaruralconperrosgirona.com\\\/es\\\/sin-gos-pero-con-cara-de-bulldog-cabreado-%f0%9f%90%b6-%f0%9f%98%a4\\\/#article\",\"isPartOf\":{\"@id\":\"https:\\\/\\\/casaruralconperrosgirona.com\\\/es\\\/sin-gos-pero-con-cara-de-bulldog-cabreado-%f0%9f%90%b6-%f0%9f%98%a4\\\/\"},\"author\":{\"name\":\"Mas Torrencito\",\"@id\":\"https:\\\/\\\/casaruralconperrosgirona.com\\\/es\\\/#\\\/schema\\\/person\\\/5ebcad21205af2dce94ba4d6463d4830\"},\"headline\":\"Sin perro, pero con cara de bulldog cabreado \ud83d\udc36 \ud83d\ude24\",\"datePublished\":\"2025-02-28T05:50:31+00:00\",\"dateModified\":\"2025-02-28T06:02:58+00:00\",\"mainEntityOfPage\":{\"@id\":\"https:\\\/\\\/casaruralconperrosgirona.com\\\/es\\\/sin-gos-pero-con-cara-de-bulldog-cabreado-%f0%9f%90%b6-%f0%9f%98%a4\\\/\"},\"wordCount\":907,\"commentCount\":1,\"publisher\":{\"@id\":\"https:\\\/\\\/casaruralconperrosgirona.com\\\/es\\\/#organization\"},\"image\":{\"@id\":\"https:\\\/\\\/casaruralconperrosgirona.com\\\/es\\\/sin-gos-pero-con-cara-de-bulldog-cabreado-%f0%9f%90%b6-%f0%9f%98%a4\\\/#primaryimage\"},\"thumbnailUrl\":\"https:\\\/\\\/casaruralconperrosgirona.com\\\/wp-content\\\/uploads\\\/2025\\\/02\\\/los_bulldogs.jpg\",\"keywords\":[\"Gironaconmascotas\",\"mastorrencito\",\"turismoconmascotas\",\"turismocostabrava\",\"Tursmeconperros\"],\"articleSection\":[\"Historias de Mastorrencito\"],\"inLanguage\":\"es\",\"potentialAction\":[{\"@type\":\"CommentAction\",\"name\":\"Comment\",\"target\":[\"https:\\\/\\\/casaruralconperrosgirona.com\\\/es\\\/sin-gos-pero-con-cara-de-bulldog-cabreado-%f0%9f%90%b6-%f0%9f%98%a4\\\/#respond\"]}]},{\"@type\":\"WebPage\",\"@id\":\"https:\\\/\\\/casaruralconperrosgirona.com\\\/es\\\/sin-gos-pero-con-cara-de-bulldog-cabreado-%f0%9f%90%b6-%f0%9f%98%a4\\\/\",\"url\":\"https:\\\/\\\/casaruralconperrosgirona.com\\\/es\\\/sin-gos-pero-con-cara-de-bulldog-cabreado-%f0%9f%90%b6-%f0%9f%98%a4\\\/\",\"name\":\"Sin perro, pero con cara de bulldog cabreado \ud83d\udc36 \ud83d\ude24 - Casa Rural con Perros Girona\",\"isPartOf\":{\"@id\":\"https:\\\/\\\/casaruralconperrosgirona.com\\\/es\\\/#website\"},\"primaryImageOfPage\":{\"@id\":\"https:\\\/\\\/casaruralconperrosgirona.com\\\/es\\\/sin-gos-pero-con-cara-de-bulldog-cabreado-%f0%9f%90%b6-%f0%9f%98%a4\\\/#primaryimage\"},\"image\":{\"@id\":\"https:\\\/\\\/casaruralconperrosgirona.com\\\/es\\\/sin-gos-pero-con-cara-de-bulldog-cabreado-%f0%9f%90%b6-%f0%9f%98%a4\\\/#primaryimage\"},\"thumbnailUrl\":\"https:\\\/\\\/casaruralconperrosgirona.com\\\/wp-content\\\/uploads\\\/2025\\\/02\\\/los_bulldogs.jpg\",\"datePublished\":\"2025-02-28T05:50:31+00:00\",\"dateModified\":\"2025-02-28T06:02:58+00:00\",\"description\":\"Y es que hay veces que los clientes ponen a prueba tu paciencia... menos mal que yo..... Sin perro, pero con cara de bulldog cabreado\",\"breadcrumb\":{\"@id\":\"https:\\\/\\\/casaruralconperrosgirona.com\\\/es\\\/sin-gos-pero-con-cara-de-bulldog-cabreado-%f0%9f%90%b6-%f0%9f%98%a4\\\/#breadcrumb\"},\"inLanguage\":\"es\",\"potentialAction\":[{\"@type\":\"ReadAction\",\"target\":[\"https:\\\/\\\/casaruralconperrosgirona.com\\\/es\\\/sin-gos-pero-con-cara-de-bulldog-cabreado-%f0%9f%90%b6-%f0%9f%98%a4\\\/\"]}]},{\"@type\":\"ImageObject\",\"inLanguage\":\"es\",\"@id\":\"https:\\\/\\\/casaruralconperrosgirona.com\\\/es\\\/sin-gos-pero-con-cara-de-bulldog-cabreado-%f0%9f%90%b6-%f0%9f%98%a4\\\/#primaryimage\",\"url\":\"https:\\\/\\\/casaruralconperrosgirona.com\\\/wp-content\\\/uploads\\\/2025\\\/02\\\/los_bulldogs.jpg\",\"contentUrl\":\"https:\\\/\\\/casaruralconperrosgirona.com\\\/wp-content\\\/uploads\\\/2025\\\/02\\\/los_bulldogs.jpg\",\"width\":1024,\"height\":1024,\"caption\":\"cara de bulldog by MasTorrencito\"},{\"@type\":\"BreadcrumbList\",\"@id\":\"https:\\\/\\\/casaruralconperrosgirona.com\\\/es\\\/sin-gos-pero-con-cara-de-bulldog-cabreado-%f0%9f%90%b6-%f0%9f%98%a4\\\/#breadcrumb\",\"itemListElement\":[{\"@type\":\"ListItem\",\"position\":1,\"name\":\"Portada\",\"item\":\"https:\\\/\\\/casaruralconperrosgirona.com\\\/es\\\/\"},{\"@type\":\"ListItem\",\"position\":2,\"name\":\"Sin perro, pero con cara de bulldog cabreado \ud83d\udc36 \ud83d\ude24\"}]},{\"@type\":\"WebSite\",\"@id\":\"https:\\\/\\\/casaruralconperrosgirona.com\\\/es\\\/#website\",\"url\":\"https:\\\/\\\/casaruralconperrosgirona.com\\\/es\\\/\",\"name\":\"Casa Rural con Perros Girona\",\"description\":\"Turisme Rural amb Gossos Girona\",\"publisher\":{\"@id\":\"https:\\\/\\\/casaruralconperrosgirona.com\\\/es\\\/#organization\"},\"potentialAction\":[{\"@type\":\"SearchAction\",\"target\":{\"@type\":\"EntryPoint\",\"urlTemplate\":\"https:\\\/\\\/casaruralconperrosgirona.com\\\/es\\\/?s={search_term_string}\"},\"query-input\":{\"@type\":\"PropertyValueSpecification\",\"valueRequired\":true,\"valueName\":\"search_term_string\"}}],\"inLanguage\":\"es\"},{\"@type\":\"Organization\",\"@id\":\"https:\\\/\\\/casaruralconperrosgirona.com\\\/es\\\/#organization\",\"name\":\"Casa Rural con Perros Girona\",\"url\":\"https:\\\/\\\/casaruralconperrosgirona.com\\\/es\\\/\",\"logo\":{\"@type\":\"ImageObject\",\"inLanguage\":\"es\",\"@id\":\"https:\\\/\\\/casaruralconperrosgirona.com\\\/es\\\/#\\\/schema\\\/logo\\\/image\\\/\",\"url\":\"https:\\\/\\\/casaruralconperrosgirona.com\\\/wp-content\\\/uploads\\\/2023\\\/11\\\/logo.webp\",\"contentUrl\":\"https:\\\/\\\/casaruralconperrosgirona.com\\\/wp-content\\\/uploads\\\/2023\\\/11\\\/logo.webp\",\"width\":161,\"height\":54,\"caption\":\"Casa Rural con Perros Girona\"},\"image\":{\"@id\":\"https:\\\/\\\/casaruralconperrosgirona.com\\\/es\\\/#\\\/schema\\\/logo\\\/image\\\/\"}},{\"@type\":\"Person\",\"@id\":\"https:\\\/\\\/casaruralconperrosgirona.com\\\/es\\\/#\\\/schema\\\/person\\\/5ebcad21205af2dce94ba4d6463d4830\",\"name\":\"Mas Torrencito\",\"image\":{\"@type\":\"ImageObject\",\"inLanguage\":\"es\",\"@id\":\"https:\\\/\\\/secure.gravatar.com\\\/avatar\\\/b7fb4cff0b30bb664a3fe8271f60c493235311eb1bb917d43fd79a61ae8e99f8?s=96&d=blank&r=g\",\"url\":\"https:\\\/\\\/secure.gravatar.com\\\/avatar\\\/b7fb4cff0b30bb664a3fe8271f60c493235311eb1bb917d43fd79a61ae8e99f8?s=96&d=blank&r=g\",\"contentUrl\":\"https:\\\/\\\/secure.gravatar.com\\\/avatar\\\/b7fb4cff0b30bb664a3fe8271f60c493235311eb1bb917d43fd79a61ae8e99f8?s=96&d=blank&r=g\",\"caption\":\"Mas Torrencito\"},\"sameAs\":[\"https:\\\/\\\/casaruralconperrosgirona.com\"]}]}<\/script>\n<!-- \/ Yoast SEO plugin. -->","yoast_head_json":{"title":"Sin perro, pero con cara de bulldog cabreado \ud83d\udc36 \ud83d\ude24 - Casa Rural con Perros Girona","description":"Y es que hay veces que los clientes ponen a prueba tu paciencia... menos mal que yo..... Sin perro, pero con cara de bulldog cabreado","robots":{"index":"index","follow":"follow","max-snippet":"max-snippet:-1","max-image-preview":"max-image-preview:large","max-video-preview":"max-video-preview:-1"},"canonical":"https:\/\/casaruralconperrosgirona.com\/es\/sin-gos-pero-con-cara-de-bulldog-cabreado-%f0%9f%90%b6-%f0%9f%98%a4\/","og_locale":"es_ES","og_type":"article","og_title":"Sin perro, pero con cara de bulldog cabreado \ud83d\udc36 \ud83d\ude24 - Casa Rural con Perros Girona","og_description":"Y es que hay veces que los clientes ponen a prueba tu paciencia... menos mal que yo..... Sin perro, pero con cara de bulldog cabreado","og_url":"https:\/\/casaruralconperrosgirona.com\/es\/sin-gos-pero-con-cara-de-bulldog-cabreado-%f0%9f%90%b6-%f0%9f%98%a4\/","og_site_name":"Casa Rural con Perros Girona","article_published_time":"2025-02-28T05:50:31+00:00","article_modified_time":"2025-02-28T06:02:58+00:00","og_image":[{"width":1024,"height":1024,"url":"https:\/\/casaruralconperrosgirona.com\/wp-content\/uploads\/2025\/02\/los_bulldogs.jpg","type":"image\/jpeg"}],"author":"Mas Torrencito","twitter_card":"summary_large_image","twitter_misc":{"Escrito por":"Mas Torrencito","Tiempo de lectura":"6 minutos"},"schema":{"@context":"https:\/\/schema.org","@graph":[{"@type":"Article","@id":"https:\/\/casaruralconperrosgirona.com\/es\/sin-gos-pero-con-cara-de-bulldog-cabreado-%f0%9f%90%b6-%f0%9f%98%a4\/#article","isPartOf":{"@id":"https:\/\/casaruralconperrosgirona.com\/es\/sin-gos-pero-con-cara-de-bulldog-cabreado-%f0%9f%90%b6-%f0%9f%98%a4\/"},"author":{"name":"Mas Torrencito","@id":"https:\/\/casaruralconperrosgirona.com\/es\/#\/schema\/person\/5ebcad21205af2dce94ba4d6463d4830"},"headline":"Sin perro, pero con cara de bulldog cabreado \ud83d\udc36 \ud83d\ude24","datePublished":"2025-02-28T05:50:31+00:00","dateModified":"2025-02-28T06:02:58+00:00","mainEntityOfPage":{"@id":"https:\/\/casaruralconperrosgirona.com\/es\/sin-gos-pero-con-cara-de-bulldog-cabreado-%f0%9f%90%b6-%f0%9f%98%a4\/"},"wordCount":907,"commentCount":1,"publisher":{"@id":"https:\/\/casaruralconperrosgirona.com\/es\/#organization"},"image":{"@id":"https:\/\/casaruralconperrosgirona.com\/es\/sin-gos-pero-con-cara-de-bulldog-cabreado-%f0%9f%90%b6-%f0%9f%98%a4\/#primaryimage"},"thumbnailUrl":"https:\/\/casaruralconperrosgirona.com\/wp-content\/uploads\/2025\/02\/los_bulldogs.jpg","keywords":["Gironaconmascotas","mastorrencito","turismoconmascotas","turismocostabrava","Tursmeconperros"],"articleSection":["Historias de Mastorrencito"],"inLanguage":"es","potentialAction":[{"@type":"CommentAction","name":"Comment","target":["https:\/\/casaruralconperrosgirona.com\/es\/sin-gos-pero-con-cara-de-bulldog-cabreado-%f0%9f%90%b6-%f0%9f%98%a4\/#respond"]}]},{"@type":"WebPage","@id":"https:\/\/casaruralconperrosgirona.com\/es\/sin-gos-pero-con-cara-de-bulldog-cabreado-%f0%9f%90%b6-%f0%9f%98%a4\/","url":"https:\/\/casaruralconperrosgirona.com\/es\/sin-gos-pero-con-cara-de-bulldog-cabreado-%f0%9f%90%b6-%f0%9f%98%a4\/","name":"Sin perro, pero con cara de bulldog cabreado \ud83d\udc36 \ud83d\ude24 - Casa Rural con Perros Girona","isPartOf":{"@id":"https:\/\/casaruralconperrosgirona.com\/es\/#website"},"primaryImageOfPage":{"@id":"https:\/\/casaruralconperrosgirona.com\/es\/sin-gos-pero-con-cara-de-bulldog-cabreado-%f0%9f%90%b6-%f0%9f%98%a4\/#primaryimage"},"image":{"@id":"https:\/\/casaruralconperrosgirona.com\/es\/sin-gos-pero-con-cara-de-bulldog-cabreado-%f0%9f%90%b6-%f0%9f%98%a4\/#primaryimage"},"thumbnailUrl":"https:\/\/casaruralconperrosgirona.com\/wp-content\/uploads\/2025\/02\/los_bulldogs.jpg","datePublished":"2025-02-28T05:50:31+00:00","dateModified":"2025-02-28T06:02:58+00:00","description":"Y es que hay veces que los clientes ponen a prueba tu paciencia... menos mal que yo..... Sin perro, pero con cara de bulldog cabreado","breadcrumb":{"@id":"https:\/\/casaruralconperrosgirona.com\/es\/sin-gos-pero-con-cara-de-bulldog-cabreado-%f0%9f%90%b6-%f0%9f%98%a4\/#breadcrumb"},"inLanguage":"es","potentialAction":[{"@type":"ReadAction","target":["https:\/\/casaruralconperrosgirona.com\/es\/sin-gos-pero-con-cara-de-bulldog-cabreado-%f0%9f%90%b6-%f0%9f%98%a4\/"]}]},{"@type":"ImageObject","inLanguage":"es","@id":"https:\/\/casaruralconperrosgirona.com\/es\/sin-gos-pero-con-cara-de-bulldog-cabreado-%f0%9f%90%b6-%f0%9f%98%a4\/#primaryimage","url":"https:\/\/casaruralconperrosgirona.com\/wp-content\/uploads\/2025\/02\/los_bulldogs.jpg","contentUrl":"https:\/\/casaruralconperrosgirona.com\/wp-content\/uploads\/2025\/02\/los_bulldogs.jpg","width":1024,"height":1024,"caption":"cara de bulldog by MasTorrencito"},{"@type":"BreadcrumbList","@id":"https:\/\/casaruralconperrosgirona.com\/es\/sin-gos-pero-con-cara-de-bulldog-cabreado-%f0%9f%90%b6-%f0%9f%98%a4\/#breadcrumb","itemListElement":[{"@type":"ListItem","position":1,"name":"Portada","item":"https:\/\/casaruralconperrosgirona.com\/es\/"},{"@type":"ListItem","position":2,"name":"Sin perro, pero con cara de bulldog cabreado \ud83d\udc36 \ud83d\ude24"}]},{"@type":"WebSite","@id":"https:\/\/casaruralconperrosgirona.com\/es\/#website","url":"https:\/\/casaruralconperrosgirona.com\/es\/","name":"Casa Rural con Perros Girona","description":"Turisme Rural amb Gossos Girona","publisher":{"@id":"https:\/\/casaruralconperrosgirona.com\/es\/#organization"},"potentialAction":[{"@type":"SearchAction","target":{"@type":"EntryPoint","urlTemplate":"https:\/\/casaruralconperrosgirona.com\/es\/?s={search_term_string}"},"query-input":{"@type":"PropertyValueSpecification","valueRequired":true,"valueName":"search_term_string"}}],"inLanguage":"es"},{"@type":"Organization","@id":"https:\/\/casaruralconperrosgirona.com\/es\/#organization","name":"Casa Rural con Perros Girona","url":"https:\/\/casaruralconperrosgirona.com\/es\/","logo":{"@type":"ImageObject","inLanguage":"es","@id":"https:\/\/casaruralconperrosgirona.com\/es\/#\/schema\/logo\/image\/","url":"https:\/\/casaruralconperrosgirona.com\/wp-content\/uploads\/2023\/11\/logo.webp","contentUrl":"https:\/\/casaruralconperrosgirona.com\/wp-content\/uploads\/2023\/11\/logo.webp","width":161,"height":54,"caption":"Casa Rural con Perros Girona"},"image":{"@id":"https:\/\/casaruralconperrosgirona.com\/es\/#\/schema\/logo\/image\/"}},{"@type":"Person","@id":"https:\/\/casaruralconperrosgirona.com\/es\/#\/schema\/person\/5ebcad21205af2dce94ba4d6463d4830","name":"Mas Torrencito","image":{"@type":"ImageObject","inLanguage":"es","@id":"https:\/\/secure.gravatar.com\/avatar\/b7fb4cff0b30bb664a3fe8271f60c493235311eb1bb917d43fd79a61ae8e99f8?s=96&d=blank&r=g","url":"https:\/\/secure.gravatar.com\/avatar\/b7fb4cff0b30bb664a3fe8271f60c493235311eb1bb917d43fd79a61ae8e99f8?s=96&d=blank&r=g","contentUrl":"https:\/\/secure.gravatar.com\/avatar\/b7fb4cff0b30bb664a3fe8271f60c493235311eb1bb917d43fd79a61ae8e99f8?s=96&d=blank&r=g","caption":"Mas Torrencito"},"sameAs":["https:\/\/casaruralconperrosgirona.com"]}]}},"jetpack_featured_media_url":"https:\/\/casaruralconperrosgirona.com\/wp-content\/uploads\/2025\/02\/los_bulldogs.jpg","_links":{"self":[{"href":"https:\/\/casaruralconperrosgirona.com\/es\/wp-json\/wp\/v2\/posts\/3679","targetHints":{"allow":["GET"]}}],"collection":[{"href":"https:\/\/casaruralconperrosgirona.com\/es\/wp-json\/wp\/v2\/posts"}],"about":[{"href":"https:\/\/casaruralconperrosgirona.com\/es\/wp-json\/wp\/v2\/types\/post"}],"author":[{"embeddable":true,"href":"https:\/\/casaruralconperrosgirona.com\/es\/wp-json\/wp\/v2\/users\/1"}],"replies":[{"embeddable":true,"href":"https:\/\/casaruralconperrosgirona.com\/es\/wp-json\/wp\/v2\/comments?post=3679"}],"version-history":[{"count":0,"href":"https:\/\/casaruralconperrosgirona.com\/es\/wp-json\/wp\/v2\/posts\/3679\/revisions"}],"wp:featuredmedia":[{"embeddable":true,"href":"https:\/\/casaruralconperrosgirona.com\/es\/wp-json\/wp\/v2\/media\/3674"}],"wp:attachment":[{"href":"https:\/\/casaruralconperrosgirona.com\/es\/wp-json\/wp\/v2\/media?parent=3679"}],"wp:term":[{"taxonomy":"category","embeddable":true,"href":"https:\/\/casaruralconperrosgirona.com\/es\/wp-json\/wp\/v2\/categories?post=3679"},{"taxonomy":"post_tag","embeddable":true,"href":"https:\/\/casaruralconperrosgirona.com\/es\/wp-json\/wp\/v2\/tags?post=3679"}],"curies":[{"name":"wp","href":"https:\/\/api.w.org\/{rel}","templated":true}]}}